{"id":1060,"date":"2017-02-04T17:45:22","date_gmt":"2017-02-04T16:45:22","guid":{"rendered":"http:\/\/judoclubsambreville.be\/?p=1060"},"modified":"2017-02-04T17:45:22","modified_gmt":"2017-02-04T16:45:22","slug":"championnat-provincial-jeunes","status":"publish","type":"post","link":"https:\/\/judoclubsambreville.be\/index.php\/2017\/02\/04\/championnat-provincial-jeunes\/","title":{"rendered":"Championnat provincial Jeunes"},"content":{"rendered":"<p>Les Championnats des Jeunes sont des moments importants pour les comp\u00e9titeurs. L&rsquo;objectif est bien s\u00fbr d&rsquo;atteindre le Championnat de Belgique, mais avant cela, deux \u00e9tapes sont primordiales : le championnat provincial et le championnat de Wallonie.<\/p>\n<p><!--more--><\/p>\n<p>Le 22 janvier, une vingtaine de nos judokas ont particip\u00e9 au Championnat de la Province de Namur. Pour passer \u00e0 l&rsquo;\u00e9tape suivante, il faut \u00eatre parmi les 4 premiers de sa cat\u00e9gorie.<\/p>\n<p>19 de nos judokas ont fait un podium et participeront donc le 11 f\u00e9vrier au Championnat de Wallonie qui aura lieu \u00e0 Tournai ! Affaire \u00e0 suivre &#8230; \ud83d\ude42<\/p>\n","protected":false},"excerpt":{"rendered":"<p>Les Championnats des Jeunes sont des moments importants pour les comp\u00e9titeurs. L&rsquo;objectif est bien s\u00fbr d&rsquo;atteindre le Championnat de Belgique,<\/p>\n","protected":false},"author":1,"featured_media":1061,"comment_status":"closed","ping_status":"open","sticky":false,"template":"","format":"standard","meta":{"colormag_page_container_layout":"default_layout","colormag_page_sidebar_layout":"default_layout","footnotes":""},"categories":[6],"tags":[],"class_list":["post-1060","post","type-post","status-publish","format-standard","has-post-thumbnail","hentry","category-competition"],"yoast_head":"<!-- This site is optimized with the Yoast SEO plugin v27.2 - https:\/\/yoast.com\/product\/yoast-seo-wordpress\/ -->\n<title>Championnat provincial Jeunes - Judo Club Sambreville<\/title>\n<meta name=\"description\" content=\"19 judokas du Judo Club Sambreville ont fait un podium et participeront donc le 11 f\u00e9vrier au Championnat de Wallonie qui aura lieu \u00e0 Tournai !\" \/>\n<meta name=\"robots\" content=\"index, follow, max-snippet:-1, max-image-preview:large, max-video-preview:-1\" \/>\n<link rel=\"canonical\" href=\"https:\/\/judoclubsambreville.be\/index.php\/2017\/02\/04\/championnat-provincial-jeunes\/\" \/>\n<meta property=\"og:locale\" content=\"fr_FR\" \/>\n<meta property=\"og:type\" content=\"article\" \/>\n<meta property=\"og:title\" content=\"Championnat provincial Jeunes - Judo Club Sambreville\" \/>\n<meta property=\"og:description\" content=\"19 judokas du Judo Club Sambreville ont fait un podium et participeront donc le 11 f\u00e9vrier au Championnat de Wallonie qui aura lieu \u00e0 Tournai !\" \/>\n<meta property=\"og:url\" content=\"https:\/\/judoclubsambreville.be\/index.php\/2017\/02\/04\/championnat-provincial-jeunes\/\" \/>\n<meta property=\"og:site_name\" content=\"Judo Club Sambreville\" \/>\n<meta property=\"article:published_time\" content=\"2017-02-04T16:45:22+00:00\" \/>\n<meta property=\"og:image\" content=\"https:\/\/judoclubsambreville.be\/wp-content\/uploads\/2017\/02\/provincial2017.jpg\" \/>\n\t<meta property=\"og:image:width\" content=\"511\" \/>\n\t<meta property=\"og:image:height\" content=\"340\" \/>\n\t<meta property=\"og:image:type\" content=\"image\/jpeg\" \/>\n<meta name=\"author\" content=\"Marielle\" \/>\n<meta name=\"twitter:card\" content=\"summary_large_image\" \/>\n<meta name=\"twitter:label1\" content=\"\u00c9crit par\" \/>\n\t<meta name=\"twitter:data1\" content=\"Marielle\" \/>\n<script type=\"application\/ld+json\" class=\"yoast-schema-graph\">{\"@context\":\"https:\/\/schema.org\",\"@graph\":[{\"@type\":\"Article\",\"@id\":\"https:\/\/judoclubsambreville.be\/index.php\/2017\/02\/04\/championnat-provincial-jeunes\/#article\",\"isPartOf\":{\"@id\":\"https:\/\/judoclubsambreville.be\/index.php\/2017\/02\/04\/championnat-provincial-jeunes\/\"},\"author\":{\"name\":\"Marielle\",\"@id\":\"https:\/\/judoclubsambreville.be\/#\/schema\/person\/2cc8b0d20102a5abf6a59332656453e4\"},\"headline\":\"Championnat provincial Jeunes\",\"datePublished\":\"2017-02-04T16:45:22+00:00\",\"mainEntityOfPage\":{\"@id\":\"https:\/\/judoclubsambreville.be\/index.php\/2017\/02\/04\/championnat-provincial-jeunes\/\"},\"wordCount\":96,\"image\":{\"@id\":\"https:\/\/judoclubsambreville.be\/index.php\/2017\/02\/04\/championnat-provincial-jeunes\/#primaryimage\"},\"thumbnailUrl\":\"https:\/\/judoclubsambreville.be\/wp-content\/uploads\/2017\/02\/provincial2017.jpg\",\"articleSection\":[\"Comp\u00e9tition\"],\"inLanguage\":\"fr-FR\"},{\"@type\":\"WebPage\",\"@id\":\"https:\/\/judoclubsambreville.be\/index.php\/2017\/02\/04\/championnat-provincial-jeunes\/\",\"url\":\"https:\/\/judoclubsambreville.be\/index.php\/2017\/02\/04\/championnat-provincial-jeunes\/\",\"name\":\"Championnat provincial Jeunes - Judo Club Sambreville\",\"isPartOf\":{\"@id\":\"https:\/\/judoclubsambreville.be\/#website\"},\"primaryImageOfPage\":{\"@id\":\"https:\/\/judoclubsambreville.be\/index.php\/2017\/02\/04\/championnat-provincial-jeunes\/#primaryimage\"},\"image\":{\"@id\":\"https:\/\/judoclubsambreville.be\/index.php\/2017\/02\/04\/championnat-provincial-jeunes\/#primaryimage\"},\"thumbnailUrl\":\"https:\/\/judoclubsambreville.be\/wp-content\/uploads\/2017\/02\/provincial2017.jpg\",\"datePublished\":\"2017-02-04T16:45:22+00:00\",\"author\":{\"@id\":\"https:\/\/judoclubsambreville.be\/#\/schema\/person\/2cc8b0d20102a5abf6a59332656453e4\"},\"description\":\"19 judokas du Judo Club Sambreville ont fait un podium et participeront donc le 11 f\u00e9vrier au Championnat de Wallonie qui aura lieu \u00e0 Tournai !\",\"breadcrumb\":{\"@id\":\"https:\/\/judoclubsambreville.be\/index.php\/2017\/02\/04\/championnat-provincial-jeunes\/#breadcrumb\"},\"inLanguage\":\"fr-FR\",\"potentialAction\":[{\"@type\":\"ReadAction\",\"target\":[\"https:\/\/judoclubsambreville.be\/index.php\/2017\/02\/04\/championnat-provincial-jeunes\/\"]}]},{\"@type\":\"ImageObject\",\"inLanguage\":\"fr-FR\",\"@id\":\"https:\/\/judoclubsambreville.be\/index.php\/2017\/02\/04\/championnat-provincial-jeunes\/#primaryimage\",\"url\":\"https:\/\/judoclubsambreville.be\/wp-content\/uploads\/2017\/02\/provincial2017.jpg\",\"contentUrl\":\"https:\/\/judoclubsambreville.be\/wp-content\/uploads\/2017\/02\/provincial2017.jpg\",\"width\":511,\"height\":340},{\"@type\":\"BreadcrumbList\",\"@id\":\"https:\/\/judoclubsambreville.be\/index.php\/2017\/02\/04\/championnat-provincial-jeunes\/#breadcrumb\",\"itemListElement\":[{\"@type\":\"ListItem\",\"position\":1,\"name\":\"Accueil\",\"item\":\"https:\/\/judoclubsambreville.be\/\"},{\"@type\":\"ListItem\",\"position\":2,\"name\":\"Championnat provincial Jeunes\"}]},{\"@type\":\"WebSite\",\"@id\":\"https:\/\/judoclubsambreville.be\/#website\",\"url\":\"https:\/\/judoclubsambreville.be\/\",\"name\":\"Judo Club Sambreville\",\"description\":\"Un club pour toute la famille\",\"potentialAction\":[{\"@type\":\"SearchAction\",\"target\":{\"@type\":\"EntryPoint\",\"urlTemplate\":\"https:\/\/judoclubsambreville.be\/?s={search_term_string}\"},\"query-input\":{\"@type\":\"PropertyValueSpecification\",\"valueRequired\":true,\"valueName\":\"search_term_string\"}}],\"inLanguage\":\"fr-FR\"},{\"@type\":\"Person\",\"@id\":\"https:\/\/judoclubsambreville.be\/#\/schema\/person\/2cc8b0d20102a5abf6a59332656453e4\",\"name\":\"Marielle\",\"image\":{\"@type\":\"ImageObject\",\"inLanguage\":\"fr-FR\",\"@id\":\"https:\/\/secure.gravatar.com\/avatar\/a8fefd7242379d040dd97b56b6c1d936191d98394a818df4a6cf7936bac47967?s=96&d=mm&r=g\",\"url\":\"https:\/\/secure.gravatar.com\/avatar\/a8fefd7242379d040dd97b56b6c1d936191d98394a818df4a6cf7936bac47967?s=96&d=mm&r=g\",\"contentUrl\":\"https:\/\/secure.gravatar.com\/avatar\/a8fefd7242379d040dd97b56b6c1d936191d98394a818df4a6cf7936bac47967?s=96&d=mm&r=g\",\"caption\":\"Marielle\"},\"url\":\"https:\/\/judoclubsambreville.be\/index.php\/author\/admin3312\/\"}]}<\/script>\n<!-- \/ Yoast SEO plugin. -->","yoast_head_json":{"title":"Championnat provincial Jeunes - Judo Club Sambreville","description":"19 judokas du Judo Club Sambreville ont fait un podium et participeront donc le 11 f\u00e9vrier au Championnat de Wallonie qui aura lieu \u00e0 Tournai !","robots":{"index":"index","follow":"follow","max-snippet":"max-snippet:-1","max-image-preview":"max-image-preview:large","max-video-preview":"max-video-preview:-1"},"canonical":"https:\/\/judoclubsambreville.be\/index.php\/2017\/02\/04\/championnat-provincial-jeunes\/","og_locale":"fr_FR","og_type":"article","og_title":"Championnat provincial Jeunes - Judo Club Sambreville","og_description":"19 judokas du Judo Club Sambreville ont fait un podium et participeront donc le 11 f\u00e9vrier au Championnat de Wallonie qui aura lieu \u00e0 Tournai !","og_url":"https:\/\/judoclubsambreville.be\/index.php\/2017\/02\/04\/championnat-provincial-jeunes\/","og_site_name":"Judo Club Sambreville","article_published_time":"2017-02-04T16:45:22+00:00","og_image":[{"width":511,"height":340,"url":"https:\/\/judoclubsambreville.be\/wp-content\/uploads\/2017\/02\/provincial2017.jpg","type":"image\/jpeg"}],"author":"Marielle","twitter_card":"summary_large_image","twitter_misc":{"\u00c9crit par":"Marielle"},"schema":{"@context":"https:\/\/schema.org","@graph":[{"@type":"Article","@id":"https:\/\/judoclubsambreville.be\/index.php\/2017\/02\/04\/championnat-provincial-jeunes\/#article","isPartOf":{"@id":"https:\/\/judoclubsambreville.be\/index.php\/2017\/02\/04\/championnat-provincial-jeunes\/"},"author":{"name":"Marielle","@id":"https:\/\/judoclubsambreville.be\/#\/schema\/person\/2cc8b0d20102a5abf6a59332656453e4"},"headline":"Championnat provincial Jeunes","datePublished":"2017-02-04T16:45:22+00:00","mainEntityOfPage":{"@id":"https:\/\/judoclubsambreville.be\/index.php\/2017\/02\/04\/championnat-provincial-jeunes\/"},"wordCount":96,"image":{"@id":"https:\/\/judoclubsambreville.be\/index.php\/2017\/02\/04\/championnat-provincial-jeunes\/#primaryimage"},"thumbnailUrl":"https:\/\/judoclubsambreville.be\/wp-content\/uploads\/2017\/02\/provincial2017.jpg","articleSection":["Comp\u00e9tition"],"inLanguage":"fr-FR"},{"@type":"WebPage","@id":"https:\/\/judoclubsambreville.be\/index.php\/2017\/02\/04\/championnat-provincial-jeunes\/","url":"https:\/\/judoclubsambreville.be\/index.php\/2017\/02\/04\/championnat-provincial-jeunes\/","name":"Championnat provincial Jeunes - Judo Club Sambreville","isPartOf":{"@id":"https:\/\/judoclubsambreville.be\/#website"},"primaryImageOfPage":{"@id":"https:\/\/judoclubsambreville.be\/index.php\/2017\/02\/04\/championnat-provincial-jeunes\/#primaryimage"},"image":{"@id":"https:\/\/judoclubsambreville.be\/index.php\/2017\/02\/04\/championnat-provincial-jeunes\/#primaryimage"},"thumbnailUrl":"https:\/\/judoclubsambreville.be\/wp-content\/uploads\/2017\/02\/provincial2017.jpg","datePublished":"2017-02-04T16:45:22+00:00","author":{"@id":"https:\/\/judoclubsambreville.be\/#\/schema\/person\/2cc8b0d20102a5abf6a59332656453e4"},"description":"19 judokas du Judo Club Sambreville ont fait un podium et participeront donc le 11 f\u00e9vrier au Championnat de Wallonie qui aura lieu \u00e0 Tournai !","breadcrumb":{"@id":"https:\/\/judoclubsambreville.be\/index.php\/2017\/02\/04\/championnat-provincial-jeunes\/#breadcrumb"},"inLanguage":"fr-FR","potentialAction":[{"@type":"ReadAction","target":["https:\/\/judoclubsambreville.be\/index.php\/2017\/02\/04\/championnat-provincial-jeunes\/"]}]},{"@type":"ImageObject","inLanguage":"fr-FR","@id":"https:\/\/judoclubsambreville.be\/index.php\/2017\/02\/04\/championnat-provincial-jeunes\/#primaryimage","url":"https:\/\/judoclubsambreville.be\/wp-content\/uploads\/2017\/02\/provincial2017.jpg","contentUrl":"https:\/\/judoclubsambreville.be\/wp-content\/uploads\/2017\/02\/provincial2017.jpg","width":511,"height":340},{"@type":"BreadcrumbList","@id":"https:\/\/judoclubsambreville.be\/index.php\/2017\/02\/04\/championnat-provincial-jeunes\/#breadcrumb","itemListElement":[{"@type":"ListItem","position":1,"name":"Accueil","item":"https:\/\/judoclubsambreville.be\/"},{"@type":"ListItem","position":2,"name":"Championnat provincial Jeunes"}]},{"@type":"WebSite","@id":"https:\/\/judoclubsambreville.be\/#website","url":"https:\/\/judoclubsambreville.be\/","name":"Judo Club Sambreville","description":"Un club pour toute la famille","potentialAction":[{"@type":"SearchAction","target":{"@type":"EntryPoint","urlTemplate":"https:\/\/judoclubsambreville.be\/?s={search_term_string}"},"query-input":{"@type":"PropertyValueSpecification","valueRequired":true,"valueName":"search_term_string"}}],"inLanguage":"fr-FR"},{"@type":"Person","@id":"https:\/\/judoclubsambreville.be\/#\/schema\/person\/2cc8b0d20102a5abf6a59332656453e4","name":"Marielle","image":{"@type":"ImageObject","inLanguage":"fr-FR","@id":"https:\/\/secure.gravatar.com\/avatar\/a8fefd7242379d040dd97b56b6c1d936191d98394a818df4a6cf7936bac47967?s=96&d=mm&r=g","url":"https:\/\/secure.gravatar.com\/avatar\/a8fefd7242379d040dd97b56b6c1d936191d98394a818df4a6cf7936bac47967?s=96&d=mm&r=g","contentUrl":"https:\/\/secure.gravatar.com\/avatar\/a8fefd7242379d040dd97b56b6c1d936191d98394a818df4a6cf7936bac47967?s=96&d=mm&r=g","caption":"Marielle"},"url":"https:\/\/judoclubsambreville.be\/index.php\/author\/admin3312\/"}]}},"_links":{"self":[{"href":"https:\/\/judoclubsambreville.be\/index.php\/wp-json\/wp\/v2\/posts\/1060","targetHints":{"allow":["GET"]}}],"collection":[{"href":"https:\/\/judoclubsambreville.be\/index.php\/wp-json\/wp\/v2\/posts"}],"about":[{"href":"https:\/\/judoclubsambreville.be\/index.php\/wp-json\/wp\/v2\/types\/post"}],"author":[{"embeddable":true,"href":"https:\/\/judoclubsambreville.be\/index.php\/wp-json\/wp\/v2\/users\/1"}],"replies":[{"embeddable":true,"href":"https:\/\/judoclubsambreville.be\/index.php\/wp-json\/wp\/v2\/comments?post=1060"}],"version-history":[{"count":1,"href":"https:\/\/judoclubsambreville.be\/index.php\/wp-json\/wp\/v2\/posts\/1060\/revisions"}],"predecessor-version":[{"id":1062,"href":"https:\/\/judoclubsambreville.be\/index.php\/wp-json\/wp\/v2\/posts\/1060\/revisions\/1062"}],"wp:featuredmedia":[{"embeddable":true,"href":"https:\/\/judoclubsambreville.be\/index.php\/wp-json\/wp\/v2\/media\/1061"}],"wp:attachment":[{"href":"https:\/\/judoclubsambreville.be\/index.php\/wp-json\/wp\/v2\/media?parent=1060"}],"wp:term":[{"taxonomy":"category","embeddable":true,"href":"https:\/\/judoclubsambreville.be\/index.php\/wp-json\/wp\/v2\/categories?post=1060"},{"taxonomy":"post_tag","embeddable":true,"href":"https:\/\/judoclubsambreville.be\/index.php\/wp-json\/wp\/v2\/tags?post=1060"}],"curies":[{"name":"wp","href":"https:\/\/api.w.org\/{rel}","templated":true}]}}