{"id":1291,"date":"2018-12-02T11:35:58","date_gmt":"2018-12-02T10:35:58","guid":{"rendered":"http:\/\/judoclubsambreville.be\/?p=1291"},"modified":"2018-12-02T11:35:58","modified_gmt":"2018-12-02T10:35:58","slug":"interclubs-2018","status":"publish","type":"post","link":"https:\/\/judoclubsambreville.be\/index.php\/2018\/12\/02\/interclubs-2018\/","title":{"rendered":"Interclubs 2018"},"content":{"rendered":"<p>Fin des interclubs qui furent une belle fourn\u00e9e cette ann\u00e9e ! D\u00e9couvrez les r\u00e9sultats de nos 3 \u00e9quipes.<\/p>\n<p><!--more--><\/p>\n<p><strong>D1 filles<\/strong><\/p>\n<div class=\"text_exposed_show\">\n<p>Troisi\u00e8me place au classement g\u00e9n\u00e9ral. L&rsquo;\u00e9norme erreur d&rsquo;arbitrage de la premi\u00e8re journ\u00e9e, vraiment honteuse, nous co\u00fbte la premi\u00e8re place et la mont\u00e9e en division 1 nationale. Nous sommes d\u00e9\u00e7us&#8230; mais fiers de l&rsquo;attitude et de la combativit\u00e9 des filles.\u00a0<span id=\"u_fetchstream_27_2t\" class=\"_ezo\">F\u00e9licitations !<\/span><\/p>\n<p><img loading=\"lazy\" decoding=\"async\" class=\"aligncenter wp-image-1293 size-large\" src=\"http:\/\/judoclubsambreville.be\/wp-content\/uploads\/2018\/12\/IMG_1530-1024x683.jpg\" alt=\"IMG_1530\" width=\"800\" height=\"534\" srcset=\"https:\/\/judoclubsambreville.be\/wp-content\/uploads\/2018\/12\/IMG_1530-1024x683.jpg 1024w, https:\/\/judoclubsambreville.be\/wp-content\/uploads\/2018\/12\/IMG_1530-300x200.jpg 300w, https:\/\/judoclubsambreville.be\/wp-content\/uploads\/2018\/12\/IMG_1530-768x512.jpg 768w\" sizes=\"auto, (max-width: 800px) 100vw, 800px\" \/><\/p>\n<p><img loading=\"lazy\" decoding=\"async\" class=\"aligncenter wp-image-1294 size-full\" src=\"http:\/\/judoclubsambreville.be\/wp-content\/uploads\/2018\/12\/tabl_filles.png\" alt=\"tabl_filles\" width=\"740\" height=\"326\" srcset=\"https:\/\/judoclubsambreville.be\/wp-content\/uploads\/2018\/12\/tabl_filles.png 740w, https:\/\/judoclubsambreville.be\/wp-content\/uploads\/2018\/12\/tabl_filles-300x132.png 300w\" sizes=\"auto, (max-width: 740px) 100vw, 740px\" \/><\/p>\n<p><strong>D2 gar\u00e7ons<\/strong><\/p>\n<p>Une bonne derni\u00e8re journ\u00e9e o\u00f9 les gar\u00e7ons ont montr\u00e9 leur vrai visage. Le classement est serr\u00e9 et on termine \u00e0 la 10e place. L&rsquo;\u00e9quipe se maintient donc dans la division. L&rsquo;objectif sera de faire mieux lors de la prochaine \u00e9dition et jouer le haut du tableau.<\/p>\n<p><img loading=\"lazy\" decoding=\"async\" class=\"aligncenter wp-image-1296 size-full\" src=\"http:\/\/judoclubsambreville.be\/wp-content\/uploads\/2018\/12\/ic.jpg\" alt=\"ic\" width=\"960\" height=\"641\" srcset=\"https:\/\/judoclubsambreville.be\/wp-content\/uploads\/2018\/12\/ic.jpg 960w, https:\/\/judoclubsambreville.be\/wp-content\/uploads\/2018\/12\/ic-300x200.jpg 300w, https:\/\/judoclubsambreville.be\/wp-content\/uploads\/2018\/12\/ic-768x513.jpg 768w\" sizes=\"auto, (max-width: 960px) 100vw, 960px\" \/><\/p>\n<p><img loading=\"lazy\" decoding=\"async\" class=\"aligncenter wp-image-1295 size-full\" src=\"http:\/\/judoclubsambreville.be\/wp-content\/uploads\/2018\/12\/d2.png\" alt=\"d2\" width=\"721\" height=\"381\" srcset=\"https:\/\/judoclubsambreville.be\/wp-content\/uploads\/2018\/12\/d2.png 721w, https:\/\/judoclubsambreville.be\/wp-content\/uploads\/2018\/12\/d2-300x159.png 300w, https:\/\/judoclubsambreville.be\/wp-content\/uploads\/2018\/12\/d2-390x205.png 390w\" sizes=\"auto, (max-width: 721px) 100vw, 721px\" \/><\/p>\n<p><strong>D4 gar\u00e7ons<\/strong><\/p>\n<p>Une 4e place au classement final. Au pied du podium donc avec une \u00e9quipe de jeunes et d&rsquo;anciens o\u00f9 tout le monde a pu combattre. Bravo les gars !<\/p>\n<p><img loading=\"lazy\" decoding=\"async\" class=\"aligncenter wp-image-1298 size-large\" src=\"http:\/\/judoclubsambreville.be\/wp-content\/uploads\/2018\/12\/IMG_1421-1024x683.jpg\" alt=\"IMG_1421\" width=\"800\" height=\"534\" srcset=\"https:\/\/judoclubsambreville.be\/wp-content\/uploads\/2018\/12\/IMG_1421-1024x683.jpg 1024w, https:\/\/judoclubsambreville.be\/wp-content\/uploads\/2018\/12\/IMG_1421-300x200.jpg 300w, https:\/\/judoclubsambreville.be\/wp-content\/uploads\/2018\/12\/IMG_1421-768x512.jpg 768w\" sizes=\"auto, (max-width: 800px) 100vw, 800px\" \/><\/p>\n<p><img loading=\"lazy\" decoding=\"async\" class=\"aligncenter wp-image-1297 size-full\" src=\"http:\/\/judoclubsambreville.be\/wp-content\/uploads\/2018\/12\/d4.png\" alt=\"d4\" width=\"690\" height=\"403\" srcset=\"https:\/\/judoclubsambreville.be\/wp-content\/uploads\/2018\/12\/d4.png 690w, https:\/\/judoclubsambreville.be\/wp-content\/uploads\/2018\/12\/d4-300x175.png 300w\" sizes=\"auto, (max-width: 690px) 100vw, 690px\" \/><\/p>\n<p>En r\u00e9sum\u00e9 : du bon , du tr\u00e8s bon, de la frustration , de l&rsquo;engagement, de l&rsquo;amiti\u00e9. Un bon cocktail. Une bonne pr\u00e9paration pour les interclubs 2019 qui reprennent en mars !<\/p>\n<\/div>\n","protected":false},"excerpt":{"rendered":"<p>Fin des interclubs qui furent une belle fourn\u00e9e cette ann\u00e9e ! D\u00e9couvrez les r\u00e9sultats de nos 3 \u00e9quipes.<\/p>\n","protected":false},"author":1,"featured_media":1292,"comment_status":"closed","ping_status":"open","sticky":false,"template":"","format":"standard","meta":{"colormag_page_container_layout":"default_layout","colormag_page_sidebar_layout":"default_layout","footnotes":""},"categories":[6],"tags":[],"class_list":["post-1291","post","type-post","status-publish","format-standard","has-post-thumbnail","hentry","category-competition"],"yoast_head":"<!-- This site is optimized with the Yoast SEO plugin v27.2 - https:\/\/yoast.com\/product\/yoast-seo-wordpress\/ -->\n<title>Interclubs 2018 - Judo Club Sambreville<\/title>\n<meta name=\"robots\" content=\"index, follow, max-snippet:-1, max-image-preview:large, max-video-preview:-1\" \/>\n<link rel=\"canonical\" href=\"https:\/\/judoclubsambreville.be\/index.php\/2018\/12\/02\/interclubs-2018\/\" \/>\n<meta property=\"og:locale\" content=\"fr_FR\" \/>\n<meta property=\"og:type\" content=\"article\" \/>\n<meta property=\"og:title\" content=\"Interclubs 2018 - Judo Club Sambreville\" \/>\n<meta property=\"og:description\" content=\"Fin des interclubs qui furent une belle fourn\u00e9e cette ann\u00e9e ! D\u00e9couvrez les r\u00e9sultats de nos 3 \u00e9quipes.\" \/>\n<meta property=\"og:url\" content=\"https:\/\/judoclubsambreville.be\/index.php\/2018\/12\/02\/interclubs-2018\/\" \/>\n<meta property=\"og:site_name\" content=\"Judo Club Sambreville\" \/>\n<meta property=\"article:published_time\" content=\"2018-12-02T10:35:58+00:00\" \/>\n<meta property=\"og:image\" content=\"https:\/\/judoclubsambreville.be\/wp-content\/uploads\/2018\/12\/ic2018.png\" \/>\n\t<meta property=\"og:image:width\" content=\"800\" \/>\n\t<meta property=\"og:image:height\" content=\"445\" \/>\n\t<meta property=\"og:image:type\" content=\"image\/png\" \/>\n<meta name=\"author\" content=\"Marielle\" \/>\n<meta name=\"twitter:card\" content=\"summary_large_image\" \/>\n<meta name=\"twitter:label1\" content=\"\u00c9crit par\" \/>\n\t<meta name=\"twitter:data1\" content=\"Marielle\" \/>\n\t<meta name=\"twitter:label2\" content=\"Dur\u00e9e de lecture estim\u00e9e\" \/>\n\t<meta name=\"twitter:data2\" content=\"1 minute\" \/>\n<script type=\"application\/ld+json\" class=\"yoast-schema-graph\">{\"@context\":\"https:\/\/schema.org\",\"@graph\":[{\"@type\":\"Article\",\"@id\":\"https:\/\/judoclubsambreville.be\/index.php\/2018\/12\/02\/interclubs-2018\/#article\",\"isPartOf\":{\"@id\":\"https:\/\/judoclubsambreville.be\/index.php\/2018\/12\/02\/interclubs-2018\/\"},\"author\":{\"name\":\"Marielle\",\"@id\":\"https:\/\/judoclubsambreville.be\/#\/schema\/person\/2cc8b0d20102a5abf6a59332656453e4\"},\"headline\":\"Interclubs 2018\",\"datePublished\":\"2018-12-02T10:35:58+00:00\",\"mainEntityOfPage\":{\"@id\":\"https:\/\/judoclubsambreville.be\/index.php\/2018\/12\/02\/interclubs-2018\/\"},\"wordCount\":192,\"image\":{\"@id\":\"https:\/\/judoclubsambreville.be\/index.php\/2018\/12\/02\/interclubs-2018\/#primaryimage\"},\"thumbnailUrl\":\"https:\/\/judoclubsambreville.be\/wp-content\/uploads\/2018\/12\/ic2018.png\",\"articleSection\":[\"Comp\u00e9tition\"],\"inLanguage\":\"fr-FR\"},{\"@type\":\"WebPage\",\"@id\":\"https:\/\/judoclubsambreville.be\/index.php\/2018\/12\/02\/interclubs-2018\/\",\"url\":\"https:\/\/judoclubsambreville.be\/index.php\/2018\/12\/02\/interclubs-2018\/\",\"name\":\"Interclubs 2018 - Judo Club Sambreville\",\"isPartOf\":{\"@id\":\"https:\/\/judoclubsambreville.be\/#website\"},\"primaryImageOfPage\":{\"@id\":\"https:\/\/judoclubsambreville.be\/index.php\/2018\/12\/02\/interclubs-2018\/#primaryimage\"},\"image\":{\"@id\":\"https:\/\/judoclubsambreville.be\/index.php\/2018\/12\/02\/interclubs-2018\/#primaryimage\"},\"thumbnailUrl\":\"https:\/\/judoclubsambreville.be\/wp-content\/uploads\/2018\/12\/ic2018.png\",\"datePublished\":\"2018-12-02T10:35:58+00:00\",\"author\":{\"@id\":\"https:\/\/judoclubsambreville.be\/#\/schema\/person\/2cc8b0d20102a5abf6a59332656453e4\"},\"breadcrumb\":{\"@id\":\"https:\/\/judoclubsambreville.be\/index.php\/2018\/12\/02\/interclubs-2018\/#breadcrumb\"},\"inLanguage\":\"fr-FR\",\"potentialAction\":[{\"@type\":\"ReadAction\",\"target\":[\"https:\/\/judoclubsambreville.be\/index.php\/2018\/12\/02\/interclubs-2018\/\"]}]},{\"@type\":\"ImageObject\",\"inLanguage\":\"fr-FR\",\"@id\":\"https:\/\/judoclubsambreville.be\/index.php\/2018\/12\/02\/interclubs-2018\/#primaryimage\",\"url\":\"https:\/\/judoclubsambreville.be\/wp-content\/uploads\/2018\/12\/ic2018.png\",\"contentUrl\":\"https:\/\/judoclubsambreville.be\/wp-content\/uploads\/2018\/12\/ic2018.png\",\"width\":800,\"height\":445},{\"@type\":\"BreadcrumbList\",\"@id\":\"https:\/\/judoclubsambreville.be\/index.php\/2018\/12\/02\/interclubs-2018\/#breadcrumb\",\"itemListElement\":[{\"@type\":\"ListItem\",\"position\":1,\"name\":\"Accueil\",\"item\":\"https:\/\/judoclubsambreville.be\/\"},{\"@type\":\"ListItem\",\"position\":2,\"name\":\"Interclubs 2018\"}]},{\"@type\":\"WebSite\",\"@id\":\"https:\/\/judoclubsambreville.be\/#website\",\"url\":\"https:\/\/judoclubsambreville.be\/\",\"name\":\"Judo Club Sambreville\",\"description\":\"Un club pour toute la famille\",\"potentialAction\":[{\"@type\":\"SearchAction\",\"target\":{\"@type\":\"EntryPoint\",\"urlTemplate\":\"https:\/\/judoclubsambreville.be\/?s={search_term_string}\"},\"query-input\":{\"@type\":\"PropertyValueSpecification\",\"valueRequired\":true,\"valueName\":\"search_term_string\"}}],\"inLanguage\":\"fr-FR\"},{\"@type\":\"Person\",\"@id\":\"https:\/\/judoclubsambreville.be\/#\/schema\/person\/2cc8b0d20102a5abf6a59332656453e4\",\"name\":\"Marielle\",\"image\":{\"@type\":\"ImageObject\",\"inLanguage\":\"fr-FR\",\"@id\":\"https:\/\/secure.gravatar.com\/avatar\/a8fefd7242379d040dd97b56b6c1d936191d98394a818df4a6cf7936bac47967?s=96&d=mm&r=g\",\"url\":\"https:\/\/secure.gravatar.com\/avatar\/a8fefd7242379d040dd97b56b6c1d936191d98394a818df4a6cf7936bac47967?s=96&d=mm&r=g\",\"contentUrl\":\"https:\/\/secure.gravatar.com\/avatar\/a8fefd7242379d040dd97b56b6c1d936191d98394a818df4a6cf7936bac47967?s=96&d=mm&r=g\",\"caption\":\"Marielle\"},\"url\":\"https:\/\/judoclubsambreville.be\/index.php\/author\/admin3312\/\"}]}<\/script>\n<!-- \/ Yoast SEO plugin. -->","yoast_head_json":{"title":"Interclubs 2018 - Judo Club Sambreville","robots":{"index":"index","follow":"follow","max-snippet":"max-snippet:-1","max-image-preview":"max-image-preview:large","max-video-preview":"max-video-preview:-1"},"canonical":"https:\/\/judoclubsambreville.be\/index.php\/2018\/12\/02\/interclubs-2018\/","og_locale":"fr_FR","og_type":"article","og_title":"Interclubs 2018 - Judo Club Sambreville","og_description":"Fin des interclubs qui furent une belle fourn\u00e9e cette ann\u00e9e ! D\u00e9couvrez les r\u00e9sultats de nos 3 \u00e9quipes.","og_url":"https:\/\/judoclubsambreville.be\/index.php\/2018\/12\/02\/interclubs-2018\/","og_site_name":"Judo Club Sambreville","article_published_time":"2018-12-02T10:35:58+00:00","og_image":[{"width":800,"height":445,"url":"https:\/\/judoclubsambreville.be\/wp-content\/uploads\/2018\/12\/ic2018.png","type":"image\/png"}],"author":"Marielle","twitter_card":"summary_large_image","twitter_misc":{"\u00c9crit par":"Marielle","Dur\u00e9e de lecture estim\u00e9e":"1 minute"},"schema":{"@context":"https:\/\/schema.org","@graph":[{"@type":"Article","@id":"https:\/\/judoclubsambreville.be\/index.php\/2018\/12\/02\/interclubs-2018\/#article","isPartOf":{"@id":"https:\/\/judoclubsambreville.be\/index.php\/2018\/12\/02\/interclubs-2018\/"},"author":{"name":"Marielle","@id":"https:\/\/judoclubsambreville.be\/#\/schema\/person\/2cc8b0d20102a5abf6a59332656453e4"},"headline":"Interclubs 2018","datePublished":"2018-12-02T10:35:58+00:00","mainEntityOfPage":{"@id":"https:\/\/judoclubsambreville.be\/index.php\/2018\/12\/02\/interclubs-2018\/"},"wordCount":192,"image":{"@id":"https:\/\/judoclubsambreville.be\/index.php\/2018\/12\/02\/interclubs-2018\/#primaryimage"},"thumbnailUrl":"https:\/\/judoclubsambreville.be\/wp-content\/uploads\/2018\/12\/ic2018.png","articleSection":["Comp\u00e9tition"],"inLanguage":"fr-FR"},{"@type":"WebPage","@id":"https:\/\/judoclubsambreville.be\/index.php\/2018\/12\/02\/interclubs-2018\/","url":"https:\/\/judoclubsambreville.be\/index.php\/2018\/12\/02\/interclubs-2018\/","name":"Interclubs 2018 - Judo Club Sambreville","isPartOf":{"@id":"https:\/\/judoclubsambreville.be\/#website"},"primaryImageOfPage":{"@id":"https:\/\/judoclubsambreville.be\/index.php\/2018\/12\/02\/interclubs-2018\/#primaryimage"},"image":{"@id":"https:\/\/judoclubsambreville.be\/index.php\/2018\/12\/02\/interclubs-2018\/#primaryimage"},"thumbnailUrl":"https:\/\/judoclubsambreville.be\/wp-content\/uploads\/2018\/12\/ic2018.png","datePublished":"2018-12-02T10:35:58+00:00","author":{"@id":"https:\/\/judoclubsambreville.be\/#\/schema\/person\/2cc8b0d20102a5abf6a59332656453e4"},"breadcrumb":{"@id":"https:\/\/judoclubsambreville.be\/index.php\/2018\/12\/02\/interclubs-2018\/#breadcrumb"},"inLanguage":"fr-FR","potentialAction":[{"@type":"ReadAction","target":["https:\/\/judoclubsambreville.be\/index.php\/2018\/12\/02\/interclubs-2018\/"]}]},{"@type":"ImageObject","inLanguage":"fr-FR","@id":"https:\/\/judoclubsambreville.be\/index.php\/2018\/12\/02\/interclubs-2018\/#primaryimage","url":"https:\/\/judoclubsambreville.be\/wp-content\/uploads\/2018\/12\/ic2018.png","contentUrl":"https:\/\/judoclubsambreville.be\/wp-content\/uploads\/2018\/12\/ic2018.png","width":800,"height":445},{"@type":"BreadcrumbList","@id":"https:\/\/judoclubsambreville.be\/index.php\/2018\/12\/02\/interclubs-2018\/#breadcrumb","itemListElement":[{"@type":"ListItem","position":1,"name":"Accueil","item":"https:\/\/judoclubsambreville.be\/"},{"@type":"ListItem","position":2,"name":"Interclubs 2018"}]},{"@type":"WebSite","@id":"https:\/\/judoclubsambreville.be\/#website","url":"https:\/\/judoclubsambreville.be\/","name":"Judo Club Sambreville","description":"Un club pour toute la famille","potentialAction":[{"@type":"SearchAction","target":{"@type":"EntryPoint","urlTemplate":"https:\/\/judoclubsambreville.be\/?s={search_term_string}"},"query-input":{"@type":"PropertyValueSpecification","valueRequired":true,"valueName":"search_term_string"}}],"inLanguage":"fr-FR"},{"@type":"Person","@id":"https:\/\/judoclubsambreville.be\/#\/schema\/person\/2cc8b0d20102a5abf6a59332656453e4","name":"Marielle","image":{"@type":"ImageObject","inLanguage":"fr-FR","@id":"https:\/\/secure.gravatar.com\/avatar\/a8fefd7242379d040dd97b56b6c1d936191d98394a818df4a6cf7936bac47967?s=96&d=mm&r=g","url":"https:\/\/secure.gravatar.com\/avatar\/a8fefd7242379d040dd97b56b6c1d936191d98394a818df4a6cf7936bac47967?s=96&d=mm&r=g","contentUrl":"https:\/\/secure.gravatar.com\/avatar\/a8fefd7242379d040dd97b56b6c1d936191d98394a818df4a6cf7936bac47967?s=96&d=mm&r=g","caption":"Marielle"},"url":"https:\/\/judoclubsambreville.be\/index.php\/author\/admin3312\/"}]}},"_links":{"self":[{"href":"https:\/\/judoclubsambreville.be\/index.php\/wp-json\/wp\/v2\/posts\/1291","targetHints":{"allow":["GET"]}}],"collection":[{"href":"https:\/\/judoclubsambreville.be\/index.php\/wp-json\/wp\/v2\/posts"}],"about":[{"href":"https:\/\/judoclubsambreville.be\/index.php\/wp-json\/wp\/v2\/types\/post"}],"author":[{"embeddable":true,"href":"https:\/\/judoclubsambreville.be\/index.php\/wp-json\/wp\/v2\/users\/1"}],"replies":[{"embeddable":true,"href":"https:\/\/judoclubsambreville.be\/index.php\/wp-json\/wp\/v2\/comments?post=1291"}],"version-history":[{"count":1,"href":"https:\/\/judoclubsambreville.be\/index.php\/wp-json\/wp\/v2\/posts\/1291\/revisions"}],"predecessor-version":[{"id":1299,"href":"https:\/\/judoclubsambreville.be\/index.php\/wp-json\/wp\/v2\/posts\/1291\/revisions\/1299"}],"wp:featuredmedia":[{"embeddable":true,"href":"https:\/\/judoclubsambreville.be\/index.php\/wp-json\/wp\/v2\/media\/1292"}],"wp:attachment":[{"href":"https:\/\/judoclubsambreville.be\/index.php\/wp-json\/wp\/v2\/media?parent=1291"}],"wp:term":[{"taxonomy":"category","embeddable":true,"href":"https:\/\/judoclubsambreville.be\/index.php\/wp-json\/wp\/v2\/categories?post=1291"},{"taxonomy":"post_tag","embeddable":true,"href":"https:\/\/judoclubsambreville.be\/index.php\/wp-json\/wp\/v2\/tags?post=1291"}],"curies":[{"name":"wp","href":"https:\/\/api.w.org\/{rel}","templated":true}]}}