{"id":1496,"date":"2020-06-05T13:19:52","date_gmt":"2020-06-05T12:19:52","guid":{"rendered":"http:\/\/judoclubsambreville.be\/?p=1496"},"modified":"2020-06-05T13:19:52","modified_gmt":"2020-06-05T12:19:52","slug":"stages-dete-2","status":"publish","type":"post","link":"https:\/\/judoclubsambreville.be\/index.php\/2020\/06\/05\/stages-dete-2\/","title":{"rendered":"Stages d&rsquo;\u00e9t\u00e9"},"content":{"rendered":"<p>Les stages d&rsquo;\u00e9t\u00e9 sont maintenus !<\/p>\n<p><!--more--><\/p>\n<p>Bien \u00e9videmment, nous respecterons les mesures sanitaires et adapterons les activit\u00e9s pour la s\u00e9curit\u00e9 de tous !<\/p>\n<p>Deux stages seront organis\u00e9s pendant l\u2019\u00e9t\u00e9.<\/p>\n<p><strong>STAGE JUDO &amp; MULTISPORTS<\/strong><\/p>\n<div>Semaine du 27 au 31 juillet : judo\/multisports<\/div>\n<div>De 9h \u00e0 16h<\/div>\n<div><\/div>\n<div>\u00c0 partir de 8 ans (2012)<\/div>\n<div><\/div>\n<div>Formule 1 : Initiation<\/div>\n<div>Formule 2 : Perfectionnement<\/div>\n<div><\/div>\n<div>Prix : 60 euros<\/div>\n<div><\/div>\n<p><strong>STAGE JUDO &amp; PR\u00c9PARATION PHYSIQUE<\/strong><\/p>\n<div>Semaine du 24 au 28 ao\u00fbt<\/div>\n<div><\/div>\n<div>De 9h \u00e0 16h<\/div>\n<div>A partir de 11 ans (2009)<\/div>\n<div><\/div>\n<div>Prix : 80 euros<\/div>\n<div><\/div>\n<div>Infos et inscriptions\u00a0 :\u00a0<a href=\"mailto:judo.club.sambreville@gmail.com\" target=\"_blank\">judo.club.sambreville@gmail.<wbr \/>com<\/a>\u00a0ou 0499\/60-35-35<\/div>\n","protected":false},"excerpt":{"rendered":"<p>Les stages d&rsquo;\u00e9t\u00e9 sont maintenus !<\/p>\n","protected":false},"author":1,"featured_media":1497,"comment_status":"closed","ping_status":"open","sticky":false,"template":"","format":"standard","meta":{"colormag_page_container_layout":"default_layout","colormag_page_sidebar_layout":"default_layout","footnotes":""},"categories":[7],"tags":[],"class_list":["post-1496","post","type-post","status-publish","format-standard","has-post-thumbnail","hentry","category-activite"],"yoast_head":"<!-- This site is optimized with the Yoast SEO plugin v27.2 - https:\/\/yoast.com\/product\/yoast-seo-wordpress\/ -->\n<title>Stages d&#039;\u00e9t\u00e9 au Judo Club Sambreville dans le respect des mesures sanitaires<\/title>\n<meta name=\"description\" content=\"Les stages d&#039;\u00e9t\u00e9 sont maintenus au Judo Club Sambreville. Toutes les mesures sanitaires seront respect\u00e9es et nous adapterons les activit\u00e9s.\" \/>\n<meta name=\"robots\" content=\"index, follow, max-snippet:-1, max-image-preview:large, max-video-preview:-1\" \/>\n<link rel=\"canonical\" href=\"https:\/\/judoclubsambreville.be\/index.php\/2020\/06\/05\/stages-dete-2\/\" \/>\n<meta property=\"og:locale\" content=\"fr_FR\" \/>\n<meta property=\"og:type\" content=\"article\" \/>\n<meta property=\"og:title\" content=\"Stages d&#039;\u00e9t\u00e9 au Judo Club Sambreville dans le respect des mesures sanitaires\" \/>\n<meta property=\"og:description\" content=\"Les stages d&#039;\u00e9t\u00e9 sont maintenus au Judo Club Sambreville. Toutes les mesures sanitaires seront respect\u00e9es et nous adapterons les activit\u00e9s.\" \/>\n<meta property=\"og:url\" content=\"https:\/\/judoclubsambreville.be\/index.php\/2020\/06\/05\/stages-dete-2\/\" \/>\n<meta property=\"og:site_name\" content=\"Judo Club Sambreville\" \/>\n<meta property=\"article:published_time\" content=\"2020-06-05T12:19:52+00:00\" \/>\n<meta property=\"og:image\" content=\"https:\/\/judoclubsambreville.be\/wp-content\/uploads\/2020\/06\/stages.png\" \/>\n\t<meta property=\"og:image:width\" content=\"800\" \/>\n\t<meta property=\"og:image:height\" content=\"445\" \/>\n\t<meta property=\"og:image:type\" content=\"image\/png\" \/>\n<meta name=\"author\" content=\"Marielle\" \/>\n<meta name=\"twitter:card\" content=\"summary_large_image\" \/>\n<meta name=\"twitter:label1\" content=\"\u00c9crit par\" \/>\n\t<meta name=\"twitter:data1\" content=\"Marielle\" \/>\n<script type=\"application\/ld+json\" class=\"yoast-schema-graph\">{\"@context\":\"https:\/\/schema.org\",\"@graph\":[{\"@type\":\"Article\",\"@id\":\"https:\/\/judoclubsambreville.be\/index.php\/2020\/06\/05\/stages-dete-2\/#article\",\"isPartOf\":{\"@id\":\"https:\/\/judoclubsambreville.be\/index.php\/2020\/06\/05\/stages-dete-2\/\"},\"author\":{\"name\":\"Marielle\",\"@id\":\"https:\/\/judoclubsambreville.be\/#\/schema\/person\/2cc8b0d20102a5abf6a59332656453e4\"},\"headline\":\"Stages d&rsquo;\u00e9t\u00e9\",\"datePublished\":\"2020-06-05T12:19:52+00:00\",\"mainEntityOfPage\":{\"@id\":\"https:\/\/judoclubsambreville.be\/index.php\/2020\/06\/05\/stages-dete-2\/\"},\"wordCount\":88,\"image\":{\"@id\":\"https:\/\/judoclubsambreville.be\/index.php\/2020\/06\/05\/stages-dete-2\/#primaryimage\"},\"thumbnailUrl\":\"https:\/\/judoclubsambreville.be\/wp-content\/uploads\/2020\/06\/stages.png\",\"articleSection\":[\"Activit\u00e9s\"],\"inLanguage\":\"fr-FR\"},{\"@type\":\"WebPage\",\"@id\":\"https:\/\/judoclubsambreville.be\/index.php\/2020\/06\/05\/stages-dete-2\/\",\"url\":\"https:\/\/judoclubsambreville.be\/index.php\/2020\/06\/05\/stages-dete-2\/\",\"name\":\"Stages d'\u00e9t\u00e9 au Judo Club Sambreville dans le respect des mesures sanitaires\",\"isPartOf\":{\"@id\":\"https:\/\/judoclubsambreville.be\/#website\"},\"primaryImageOfPage\":{\"@id\":\"https:\/\/judoclubsambreville.be\/index.php\/2020\/06\/05\/stages-dete-2\/#primaryimage\"},\"image\":{\"@id\":\"https:\/\/judoclubsambreville.be\/index.php\/2020\/06\/05\/stages-dete-2\/#primaryimage\"},\"thumbnailUrl\":\"https:\/\/judoclubsambreville.be\/wp-content\/uploads\/2020\/06\/stages.png\",\"datePublished\":\"2020-06-05T12:19:52+00:00\",\"author\":{\"@id\":\"https:\/\/judoclubsambreville.be\/#\/schema\/person\/2cc8b0d20102a5abf6a59332656453e4\"},\"description\":\"Les stages d'\u00e9t\u00e9 sont maintenus au Judo Club Sambreville. Toutes les mesures sanitaires seront respect\u00e9es et nous adapterons les activit\u00e9s.\",\"breadcrumb\":{\"@id\":\"https:\/\/judoclubsambreville.be\/index.php\/2020\/06\/05\/stages-dete-2\/#breadcrumb\"},\"inLanguage\":\"fr-FR\",\"potentialAction\":[{\"@type\":\"ReadAction\",\"target\":[\"https:\/\/judoclubsambreville.be\/index.php\/2020\/06\/05\/stages-dete-2\/\"]}]},{\"@type\":\"ImageObject\",\"inLanguage\":\"fr-FR\",\"@id\":\"https:\/\/judoclubsambreville.be\/index.php\/2020\/06\/05\/stages-dete-2\/#primaryimage\",\"url\":\"https:\/\/judoclubsambreville.be\/wp-content\/uploads\/2020\/06\/stages.png\",\"contentUrl\":\"https:\/\/judoclubsambreville.be\/wp-content\/uploads\/2020\/06\/stages.png\",\"width\":800,\"height\":445},{\"@type\":\"BreadcrumbList\",\"@id\":\"https:\/\/judoclubsambreville.be\/index.php\/2020\/06\/05\/stages-dete-2\/#breadcrumb\",\"itemListElement\":[{\"@type\":\"ListItem\",\"position\":1,\"name\":\"Accueil\",\"item\":\"https:\/\/judoclubsambreville.be\/\"},{\"@type\":\"ListItem\",\"position\":2,\"name\":\"Stages d&rsquo;\u00e9t\u00e9\"}]},{\"@type\":\"WebSite\",\"@id\":\"https:\/\/judoclubsambreville.be\/#website\",\"url\":\"https:\/\/judoclubsambreville.be\/\",\"name\":\"Judo Club Sambreville\",\"description\":\"Un club pour toute la famille\",\"potentialAction\":[{\"@type\":\"SearchAction\",\"target\":{\"@type\":\"EntryPoint\",\"urlTemplate\":\"https:\/\/judoclubsambreville.be\/?s={search_term_string}\"},\"query-input\":{\"@type\":\"PropertyValueSpecification\",\"valueRequired\":true,\"valueName\":\"search_term_string\"}}],\"inLanguage\":\"fr-FR\"},{\"@type\":\"Person\",\"@id\":\"https:\/\/judoclubsambreville.be\/#\/schema\/person\/2cc8b0d20102a5abf6a59332656453e4\",\"name\":\"Marielle\",\"image\":{\"@type\":\"ImageObject\",\"inLanguage\":\"fr-FR\",\"@id\":\"https:\/\/secure.gravatar.com\/avatar\/a8fefd7242379d040dd97b56b6c1d936191d98394a818df4a6cf7936bac47967?s=96&d=mm&r=g\",\"url\":\"https:\/\/secure.gravatar.com\/avatar\/a8fefd7242379d040dd97b56b6c1d936191d98394a818df4a6cf7936bac47967?s=96&d=mm&r=g\",\"contentUrl\":\"https:\/\/secure.gravatar.com\/avatar\/a8fefd7242379d040dd97b56b6c1d936191d98394a818df4a6cf7936bac47967?s=96&d=mm&r=g\",\"caption\":\"Marielle\"},\"url\":\"https:\/\/judoclubsambreville.be\/index.php\/author\/admin3312\/\"}]}<\/script>\n<!-- \/ Yoast SEO plugin. -->","yoast_head_json":{"title":"Stages d'\u00e9t\u00e9 au Judo Club Sambreville dans le respect des mesures sanitaires","description":"Les stages d'\u00e9t\u00e9 sont maintenus au Judo Club Sambreville. Toutes les mesures sanitaires seront respect\u00e9es et nous adapterons les activit\u00e9s.","robots":{"index":"index","follow":"follow","max-snippet":"max-snippet:-1","max-image-preview":"max-image-preview:large","max-video-preview":"max-video-preview:-1"},"canonical":"https:\/\/judoclubsambreville.be\/index.php\/2020\/06\/05\/stages-dete-2\/","og_locale":"fr_FR","og_type":"article","og_title":"Stages d'\u00e9t\u00e9 au Judo Club Sambreville dans le respect des mesures sanitaires","og_description":"Les stages d'\u00e9t\u00e9 sont maintenus au Judo Club Sambreville. Toutes les mesures sanitaires seront respect\u00e9es et nous adapterons les activit\u00e9s.","og_url":"https:\/\/judoclubsambreville.be\/index.php\/2020\/06\/05\/stages-dete-2\/","og_site_name":"Judo Club Sambreville","article_published_time":"2020-06-05T12:19:52+00:00","og_image":[{"width":800,"height":445,"url":"https:\/\/judoclubsambreville.be\/wp-content\/uploads\/2020\/06\/stages.png","type":"image\/png"}],"author":"Marielle","twitter_card":"summary_large_image","twitter_misc":{"\u00c9crit par":"Marielle"},"schema":{"@context":"https:\/\/schema.org","@graph":[{"@type":"Article","@id":"https:\/\/judoclubsambreville.be\/index.php\/2020\/06\/05\/stages-dete-2\/#article","isPartOf":{"@id":"https:\/\/judoclubsambreville.be\/index.php\/2020\/06\/05\/stages-dete-2\/"},"author":{"name":"Marielle","@id":"https:\/\/judoclubsambreville.be\/#\/schema\/person\/2cc8b0d20102a5abf6a59332656453e4"},"headline":"Stages d&rsquo;\u00e9t\u00e9","datePublished":"2020-06-05T12:19:52+00:00","mainEntityOfPage":{"@id":"https:\/\/judoclubsambreville.be\/index.php\/2020\/06\/05\/stages-dete-2\/"},"wordCount":88,"image":{"@id":"https:\/\/judoclubsambreville.be\/index.php\/2020\/06\/05\/stages-dete-2\/#primaryimage"},"thumbnailUrl":"https:\/\/judoclubsambreville.be\/wp-content\/uploads\/2020\/06\/stages.png","articleSection":["Activit\u00e9s"],"inLanguage":"fr-FR"},{"@type":"WebPage","@id":"https:\/\/judoclubsambreville.be\/index.php\/2020\/06\/05\/stages-dete-2\/","url":"https:\/\/judoclubsambreville.be\/index.php\/2020\/06\/05\/stages-dete-2\/","name":"Stages d'\u00e9t\u00e9 au Judo Club Sambreville dans le respect des mesures sanitaires","isPartOf":{"@id":"https:\/\/judoclubsambreville.be\/#website"},"primaryImageOfPage":{"@id":"https:\/\/judoclubsambreville.be\/index.php\/2020\/06\/05\/stages-dete-2\/#primaryimage"},"image":{"@id":"https:\/\/judoclubsambreville.be\/index.php\/2020\/06\/05\/stages-dete-2\/#primaryimage"},"thumbnailUrl":"https:\/\/judoclubsambreville.be\/wp-content\/uploads\/2020\/06\/stages.png","datePublished":"2020-06-05T12:19:52+00:00","author":{"@id":"https:\/\/judoclubsambreville.be\/#\/schema\/person\/2cc8b0d20102a5abf6a59332656453e4"},"description":"Les stages d'\u00e9t\u00e9 sont maintenus au Judo Club Sambreville. Toutes les mesures sanitaires seront respect\u00e9es et nous adapterons les activit\u00e9s.","breadcrumb":{"@id":"https:\/\/judoclubsambreville.be\/index.php\/2020\/06\/05\/stages-dete-2\/#breadcrumb"},"inLanguage":"fr-FR","potentialAction":[{"@type":"ReadAction","target":["https:\/\/judoclubsambreville.be\/index.php\/2020\/06\/05\/stages-dete-2\/"]}]},{"@type":"ImageObject","inLanguage":"fr-FR","@id":"https:\/\/judoclubsambreville.be\/index.php\/2020\/06\/05\/stages-dete-2\/#primaryimage","url":"https:\/\/judoclubsambreville.be\/wp-content\/uploads\/2020\/06\/stages.png","contentUrl":"https:\/\/judoclubsambreville.be\/wp-content\/uploads\/2020\/06\/stages.png","width":800,"height":445},{"@type":"BreadcrumbList","@id":"https:\/\/judoclubsambreville.be\/index.php\/2020\/06\/05\/stages-dete-2\/#breadcrumb","itemListElement":[{"@type":"ListItem","position":1,"name":"Accueil","item":"https:\/\/judoclubsambreville.be\/"},{"@type":"ListItem","position":2,"name":"Stages d&rsquo;\u00e9t\u00e9"}]},{"@type":"WebSite","@id":"https:\/\/judoclubsambreville.be\/#website","url":"https:\/\/judoclubsambreville.be\/","name":"Judo Club Sambreville","description":"Un club pour toute la famille","potentialAction":[{"@type":"SearchAction","target":{"@type":"EntryPoint","urlTemplate":"https:\/\/judoclubsambreville.be\/?s={search_term_string}"},"query-input":{"@type":"PropertyValueSpecification","valueRequired":true,"valueName":"search_term_string"}}],"inLanguage":"fr-FR"},{"@type":"Person","@id":"https:\/\/judoclubsambreville.be\/#\/schema\/person\/2cc8b0d20102a5abf6a59332656453e4","name":"Marielle","image":{"@type":"ImageObject","inLanguage":"fr-FR","@id":"https:\/\/secure.gravatar.com\/avatar\/a8fefd7242379d040dd97b56b6c1d936191d98394a818df4a6cf7936bac47967?s=96&d=mm&r=g","url":"https:\/\/secure.gravatar.com\/avatar\/a8fefd7242379d040dd97b56b6c1d936191d98394a818df4a6cf7936bac47967?s=96&d=mm&r=g","contentUrl":"https:\/\/secure.gravatar.com\/avatar\/a8fefd7242379d040dd97b56b6c1d936191d98394a818df4a6cf7936bac47967?s=96&d=mm&r=g","caption":"Marielle"},"url":"https:\/\/judoclubsambreville.be\/index.php\/author\/admin3312\/"}]}},"_links":{"self":[{"href":"https:\/\/judoclubsambreville.be\/index.php\/wp-json\/wp\/v2\/posts\/1496","targetHints":{"allow":["GET"]}}],"collection":[{"href":"https:\/\/judoclubsambreville.be\/index.php\/wp-json\/wp\/v2\/posts"}],"about":[{"href":"https:\/\/judoclubsambreville.be\/index.php\/wp-json\/wp\/v2\/types\/post"}],"author":[{"embeddable":true,"href":"https:\/\/judoclubsambreville.be\/index.php\/wp-json\/wp\/v2\/users\/1"}],"replies":[{"embeddable":true,"href":"https:\/\/judoclubsambreville.be\/index.php\/wp-json\/wp\/v2\/comments?post=1496"}],"version-history":[{"count":1,"href":"https:\/\/judoclubsambreville.be\/index.php\/wp-json\/wp\/v2\/posts\/1496\/revisions"}],"predecessor-version":[{"id":1498,"href":"https:\/\/judoclubsambreville.be\/index.php\/wp-json\/wp\/v2\/posts\/1496\/revisions\/1498"}],"wp:featuredmedia":[{"embeddable":true,"href":"https:\/\/judoclubsambreville.be\/index.php\/wp-json\/wp\/v2\/media\/1497"}],"wp:attachment":[{"href":"https:\/\/judoclubsambreville.be\/index.php\/wp-json\/wp\/v2\/media?parent=1496"}],"wp:term":[{"taxonomy":"category","embeddable":true,"href":"https:\/\/judoclubsambreville.be\/index.php\/wp-json\/wp\/v2\/categories?post=1496"},{"taxonomy":"post_tag","embeddable":true,"href":"https:\/\/judoclubsambreville.be\/index.php\/wp-json\/wp\/v2\/tags?post=1496"}],"curies":[{"name":"wp","href":"https:\/\/api.w.org\/{rel}","templated":true}]}}