{"id":1500,"date":"2020-06-23T19:45:16","date_gmt":"2020-06-23T18:45:16","guid":{"rendered":"http:\/\/judoclubsambreville.be\/?p=1500"},"modified":"2020-06-23T19:49:54","modified_gmt":"2020-06-23T18:49:54","slug":"sv-mag-2020","status":"publish","type":"post","link":"https:\/\/judoclubsambreville.be\/index.php\/2020\/06\/23\/sv-mag-2020\/","title":{"rendered":"Sv mag 2020 !"},"content":{"rendered":"<p>Vous allez dans quelques minutes parcourir les pages de notre magazine de fin de saison qui passe en revue la saison sportive \u00e9coul\u00e9e. Notre traditionnelle f\u00eate de fin de saison qui rassemble tous nos judokas et permet de d\u00e9couvrir les diff\u00e9rents acteurs de notre club ayant d\u00fb \u00eatre annul\u00e9e (pour les raisons que vous devinez), nous ne voulions pas vous laisser partir en vacances sans vous dire au revoir.<\/p>\n<p>Vous trouverez ci-dessous le PDF \u00e0 t\u00e9l\u00e9charger.<\/p>\n<p>&nbsp;<\/p>\n<p><a href=\"http:\/\/judoclubsambreville.be\/wp-content\/uploads\/2020\/06\/SvMag_2020_final.pdf\" target=\"_blank\" rel=\"attachment wp-att-1511\"><img loading=\"lazy\" decoding=\"async\" class=\"aligncenter wp-image-1511 size-medium\" src=\"http:\/\/judoclubsambreville.be\/wp-content\/uploads\/2020\/06\/Mag-2020_download-222x300.jpg\" alt=\"Mag-2020_download\" width=\"222\" height=\"300\" srcset=\"https:\/\/judoclubsambreville.be\/wp-content\/uploads\/2020\/06\/Mag-2020_download-222x300.jpg 222w, https:\/\/judoclubsambreville.be\/wp-content\/uploads\/2020\/06\/Mag-2020_download-768x1036.jpg 768w, https:\/\/judoclubsambreville.be\/wp-content\/uploads\/2020\/06\/Mag-2020_download-759x1024.jpg 759w\" sizes=\"auto, (max-width: 222px) 100vw, 222px\" \/><\/a><\/p>\n<p>&nbsp;<\/p>\n","protected":false},"excerpt":{"rendered":"<p>Vous allez dans quelques minutes parcourir les pages de notre magazine de fin de saison qui passe en revue la<\/p>\n","protected":false},"author":1,"featured_media":1501,"comment_status":"closed","ping_status":"open","sticky":false,"template":"","format":"standard","meta":{"colormag_page_container_layout":"default_layout","colormag_page_sidebar_layout":"default_layout","footnotes":""},"categories":[15],"tags":[],"class_list":["post-1500","post","type-post","status-publish","format-standard","has-post-thumbnail","hentry","category-prix-succes"],"yoast_head":"<!-- This site is optimized with the Yoast SEO plugin v27.2 - https:\/\/yoast.com\/product\/yoast-seo-wordpress\/ -->\n<title>Sv mag 2020 ! - Judo Club Sambreville<\/title>\n<meta name=\"robots\" content=\"index, follow, max-snippet:-1, max-image-preview:large, max-video-preview:-1\" \/>\n<link rel=\"canonical\" href=\"https:\/\/judoclubsambreville.be\/index.php\/2020\/06\/23\/sv-mag-2020\/\" \/>\n<meta property=\"og:locale\" content=\"fr_FR\" \/>\n<meta property=\"og:type\" content=\"article\" \/>\n<meta property=\"og:title\" content=\"Sv mag 2020 ! - Judo Club Sambreville\" \/>\n<meta property=\"og:description\" content=\"Vous allez dans quelques minutes parcourir les pages de notre magazine de fin de saison qui passe en revue la\" \/>\n<meta property=\"og:url\" content=\"https:\/\/judoclubsambreville.be\/index.php\/2020\/06\/23\/sv-mag-2020\/\" \/>\n<meta property=\"og:site_name\" content=\"Judo Club Sambreville\" \/>\n<meta property=\"article:published_time\" content=\"2020-06-23T18:45:16+00:00\" \/>\n<meta property=\"article:modified_time\" content=\"2020-06-23T18:49:54+00:00\" \/>\n<meta property=\"og:image\" content=\"https:\/\/judoclubsambreville.be\/wp-content\/uploads\/2020\/06\/sv_wite.png\" \/>\n\t<meta property=\"og:image:width\" content=\"800\" \/>\n\t<meta property=\"og:image:height\" content=\"445\" \/>\n\t<meta property=\"og:image:type\" content=\"image\/png\" \/>\n<meta name=\"author\" content=\"Marielle\" \/>\n<meta name=\"twitter:card\" content=\"summary_large_image\" \/>\n<meta name=\"twitter:label1\" content=\"\u00c9crit par\" \/>\n\t<meta name=\"twitter:data1\" content=\"Marielle\" \/>\n<script type=\"application\/ld+json\" class=\"yoast-schema-graph\">{\"@context\":\"https:\/\/schema.org\",\"@graph\":[{\"@type\":\"Article\",\"@id\":\"https:\/\/judoclubsambreville.be\/index.php\/2020\/06\/23\/sv-mag-2020\/#article\",\"isPartOf\":{\"@id\":\"https:\/\/judoclubsambreville.be\/index.php\/2020\/06\/23\/sv-mag-2020\/\"},\"author\":{\"name\":\"Marielle\",\"@id\":\"https:\/\/judoclubsambreville.be\/#\/schema\/person\/2cc8b0d20102a5abf6a59332656453e4\"},\"headline\":\"Sv mag 2020 !\",\"datePublished\":\"2020-06-23T18:45:16+00:00\",\"dateModified\":\"2020-06-23T18:49:54+00:00\",\"mainEntityOfPage\":{\"@id\":\"https:\/\/judoclubsambreville.be\/index.php\/2020\/06\/23\/sv-mag-2020\/\"},\"wordCount\":86,\"image\":{\"@id\":\"https:\/\/judoclubsambreville.be\/index.php\/2020\/06\/23\/sv-mag-2020\/#primaryimage\"},\"thumbnailUrl\":\"https:\/\/judoclubsambreville.be\/wp-content\/uploads\/2020\/06\/sv_wite.png\",\"articleSection\":[\"Prix &amp; Succ\u00e8s\"],\"inLanguage\":\"fr-FR\"},{\"@type\":\"WebPage\",\"@id\":\"https:\/\/judoclubsambreville.be\/index.php\/2020\/06\/23\/sv-mag-2020\/\",\"url\":\"https:\/\/judoclubsambreville.be\/index.php\/2020\/06\/23\/sv-mag-2020\/\",\"name\":\"Sv mag 2020 ! - Judo Club Sambreville\",\"isPartOf\":{\"@id\":\"https:\/\/judoclubsambreville.be\/#website\"},\"primaryImageOfPage\":{\"@id\":\"https:\/\/judoclubsambreville.be\/index.php\/2020\/06\/23\/sv-mag-2020\/#primaryimage\"},\"image\":{\"@id\":\"https:\/\/judoclubsambreville.be\/index.php\/2020\/06\/23\/sv-mag-2020\/#primaryimage\"},\"thumbnailUrl\":\"https:\/\/judoclubsambreville.be\/wp-content\/uploads\/2020\/06\/sv_wite.png\",\"datePublished\":\"2020-06-23T18:45:16+00:00\",\"dateModified\":\"2020-06-23T18:49:54+00:00\",\"author\":{\"@id\":\"https:\/\/judoclubsambreville.be\/#\/schema\/person\/2cc8b0d20102a5abf6a59332656453e4\"},\"breadcrumb\":{\"@id\":\"https:\/\/judoclubsambreville.be\/index.php\/2020\/06\/23\/sv-mag-2020\/#breadcrumb\"},\"inLanguage\":\"fr-FR\",\"potentialAction\":[{\"@type\":\"ReadAction\",\"target\":[\"https:\/\/judoclubsambreville.be\/index.php\/2020\/06\/23\/sv-mag-2020\/\"]}]},{\"@type\":\"ImageObject\",\"inLanguage\":\"fr-FR\",\"@id\":\"https:\/\/judoclubsambreville.be\/index.php\/2020\/06\/23\/sv-mag-2020\/#primaryimage\",\"url\":\"https:\/\/judoclubsambreville.be\/wp-content\/uploads\/2020\/06\/sv_wite.png\",\"contentUrl\":\"https:\/\/judoclubsambreville.be\/wp-content\/uploads\/2020\/06\/sv_wite.png\",\"width\":800,\"height\":445},{\"@type\":\"BreadcrumbList\",\"@id\":\"https:\/\/judoclubsambreville.be\/index.php\/2020\/06\/23\/sv-mag-2020\/#breadcrumb\",\"itemListElement\":[{\"@type\":\"ListItem\",\"position\":1,\"name\":\"Accueil\",\"item\":\"https:\/\/judoclubsambreville.be\/\"},{\"@type\":\"ListItem\",\"position\":2,\"name\":\"Sv mag 2020 !\"}]},{\"@type\":\"WebSite\",\"@id\":\"https:\/\/judoclubsambreville.be\/#website\",\"url\":\"https:\/\/judoclubsambreville.be\/\",\"name\":\"Judo Club Sambreville\",\"description\":\"Un club pour toute la famille\",\"potentialAction\":[{\"@type\":\"SearchAction\",\"target\":{\"@type\":\"EntryPoint\",\"urlTemplate\":\"https:\/\/judoclubsambreville.be\/?s={search_term_string}\"},\"query-input\":{\"@type\":\"PropertyValueSpecification\",\"valueRequired\":true,\"valueName\":\"search_term_string\"}}],\"inLanguage\":\"fr-FR\"},{\"@type\":\"Person\",\"@id\":\"https:\/\/judoclubsambreville.be\/#\/schema\/person\/2cc8b0d20102a5abf6a59332656453e4\",\"name\":\"Marielle\",\"image\":{\"@type\":\"ImageObject\",\"inLanguage\":\"fr-FR\",\"@id\":\"https:\/\/secure.gravatar.com\/avatar\/a8fefd7242379d040dd97b56b6c1d936191d98394a818df4a6cf7936bac47967?s=96&d=mm&r=g\",\"url\":\"https:\/\/secure.gravatar.com\/avatar\/a8fefd7242379d040dd97b56b6c1d936191d98394a818df4a6cf7936bac47967?s=96&d=mm&r=g\",\"contentUrl\":\"https:\/\/secure.gravatar.com\/avatar\/a8fefd7242379d040dd97b56b6c1d936191d98394a818df4a6cf7936bac47967?s=96&d=mm&r=g\",\"caption\":\"Marielle\"},\"url\":\"https:\/\/judoclubsambreville.be\/index.php\/author\/admin3312\/\"}]}<\/script>\n<!-- \/ Yoast SEO plugin. -->","yoast_head_json":{"title":"Sv mag 2020 ! - Judo Club Sambreville","robots":{"index":"index","follow":"follow","max-snippet":"max-snippet:-1","max-image-preview":"max-image-preview:large","max-video-preview":"max-video-preview:-1"},"canonical":"https:\/\/judoclubsambreville.be\/index.php\/2020\/06\/23\/sv-mag-2020\/","og_locale":"fr_FR","og_type":"article","og_title":"Sv mag 2020 ! - Judo Club Sambreville","og_description":"Vous allez dans quelques minutes parcourir les pages de notre magazine de fin de saison qui passe en revue la","og_url":"https:\/\/judoclubsambreville.be\/index.php\/2020\/06\/23\/sv-mag-2020\/","og_site_name":"Judo Club Sambreville","article_published_time":"2020-06-23T18:45:16+00:00","article_modified_time":"2020-06-23T18:49:54+00:00","og_image":[{"width":800,"height":445,"url":"https:\/\/judoclubsambreville.be\/wp-content\/uploads\/2020\/06\/sv_wite.png","type":"image\/png"}],"author":"Marielle","twitter_card":"summary_large_image","twitter_misc":{"\u00c9crit par":"Marielle"},"schema":{"@context":"https:\/\/schema.org","@graph":[{"@type":"Article","@id":"https:\/\/judoclubsambreville.be\/index.php\/2020\/06\/23\/sv-mag-2020\/#article","isPartOf":{"@id":"https:\/\/judoclubsambreville.be\/index.php\/2020\/06\/23\/sv-mag-2020\/"},"author":{"name":"Marielle","@id":"https:\/\/judoclubsambreville.be\/#\/schema\/person\/2cc8b0d20102a5abf6a59332656453e4"},"headline":"Sv mag 2020 !","datePublished":"2020-06-23T18:45:16+00:00","dateModified":"2020-06-23T18:49:54+00:00","mainEntityOfPage":{"@id":"https:\/\/judoclubsambreville.be\/index.php\/2020\/06\/23\/sv-mag-2020\/"},"wordCount":86,"image":{"@id":"https:\/\/judoclubsambreville.be\/index.php\/2020\/06\/23\/sv-mag-2020\/#primaryimage"},"thumbnailUrl":"https:\/\/judoclubsambreville.be\/wp-content\/uploads\/2020\/06\/sv_wite.png","articleSection":["Prix &amp; Succ\u00e8s"],"inLanguage":"fr-FR"},{"@type":"WebPage","@id":"https:\/\/judoclubsambreville.be\/index.php\/2020\/06\/23\/sv-mag-2020\/","url":"https:\/\/judoclubsambreville.be\/index.php\/2020\/06\/23\/sv-mag-2020\/","name":"Sv mag 2020 ! - Judo Club Sambreville","isPartOf":{"@id":"https:\/\/judoclubsambreville.be\/#website"},"primaryImageOfPage":{"@id":"https:\/\/judoclubsambreville.be\/index.php\/2020\/06\/23\/sv-mag-2020\/#primaryimage"},"image":{"@id":"https:\/\/judoclubsambreville.be\/index.php\/2020\/06\/23\/sv-mag-2020\/#primaryimage"},"thumbnailUrl":"https:\/\/judoclubsambreville.be\/wp-content\/uploads\/2020\/06\/sv_wite.png","datePublished":"2020-06-23T18:45:16+00:00","dateModified":"2020-06-23T18:49:54+00:00","author":{"@id":"https:\/\/judoclubsambreville.be\/#\/schema\/person\/2cc8b0d20102a5abf6a59332656453e4"},"breadcrumb":{"@id":"https:\/\/judoclubsambreville.be\/index.php\/2020\/06\/23\/sv-mag-2020\/#breadcrumb"},"inLanguage":"fr-FR","potentialAction":[{"@type":"ReadAction","target":["https:\/\/judoclubsambreville.be\/index.php\/2020\/06\/23\/sv-mag-2020\/"]}]},{"@type":"ImageObject","inLanguage":"fr-FR","@id":"https:\/\/judoclubsambreville.be\/index.php\/2020\/06\/23\/sv-mag-2020\/#primaryimage","url":"https:\/\/judoclubsambreville.be\/wp-content\/uploads\/2020\/06\/sv_wite.png","contentUrl":"https:\/\/judoclubsambreville.be\/wp-content\/uploads\/2020\/06\/sv_wite.png","width":800,"height":445},{"@type":"BreadcrumbList","@id":"https:\/\/judoclubsambreville.be\/index.php\/2020\/06\/23\/sv-mag-2020\/#breadcrumb","itemListElement":[{"@type":"ListItem","position":1,"name":"Accueil","item":"https:\/\/judoclubsambreville.be\/"},{"@type":"ListItem","position":2,"name":"Sv mag 2020 !"}]},{"@type":"WebSite","@id":"https:\/\/judoclubsambreville.be\/#website","url":"https:\/\/judoclubsambreville.be\/","name":"Judo Club Sambreville","description":"Un club pour toute la famille","potentialAction":[{"@type":"SearchAction","target":{"@type":"EntryPoint","urlTemplate":"https:\/\/judoclubsambreville.be\/?s={search_term_string}"},"query-input":{"@type":"PropertyValueSpecification","valueRequired":true,"valueName":"search_term_string"}}],"inLanguage":"fr-FR"},{"@type":"Person","@id":"https:\/\/judoclubsambreville.be\/#\/schema\/person\/2cc8b0d20102a5abf6a59332656453e4","name":"Marielle","image":{"@type":"ImageObject","inLanguage":"fr-FR","@id":"https:\/\/secure.gravatar.com\/avatar\/a8fefd7242379d040dd97b56b6c1d936191d98394a818df4a6cf7936bac47967?s=96&d=mm&r=g","url":"https:\/\/secure.gravatar.com\/avatar\/a8fefd7242379d040dd97b56b6c1d936191d98394a818df4a6cf7936bac47967?s=96&d=mm&r=g","contentUrl":"https:\/\/secure.gravatar.com\/avatar\/a8fefd7242379d040dd97b56b6c1d936191d98394a818df4a6cf7936bac47967?s=96&d=mm&r=g","caption":"Marielle"},"url":"https:\/\/judoclubsambreville.be\/index.php\/author\/admin3312\/"}]}},"_links":{"self":[{"href":"https:\/\/judoclubsambreville.be\/index.php\/wp-json\/wp\/v2\/posts\/1500","targetHints":{"allow":["GET"]}}],"collection":[{"href":"https:\/\/judoclubsambreville.be\/index.php\/wp-json\/wp\/v2\/posts"}],"about":[{"href":"https:\/\/judoclubsambreville.be\/index.php\/wp-json\/wp\/v2\/types\/post"}],"author":[{"embeddable":true,"href":"https:\/\/judoclubsambreville.be\/index.php\/wp-json\/wp\/v2\/users\/1"}],"replies":[{"embeddable":true,"href":"https:\/\/judoclubsambreville.be\/index.php\/wp-json\/wp\/v2\/comments?post=1500"}],"version-history":[{"count":8,"href":"https:\/\/judoclubsambreville.be\/index.php\/wp-json\/wp\/v2\/posts\/1500\/revisions"}],"predecessor-version":[{"id":1516,"href":"https:\/\/judoclubsambreville.be\/index.php\/wp-json\/wp\/v2\/posts\/1500\/revisions\/1516"}],"wp:featuredmedia":[{"embeddable":true,"href":"https:\/\/judoclubsambreville.be\/index.php\/wp-json\/wp\/v2\/media\/1501"}],"wp:attachment":[{"href":"https:\/\/judoclubsambreville.be\/index.php\/wp-json\/wp\/v2\/media?parent=1500"}],"wp:term":[{"taxonomy":"category","embeddable":true,"href":"https:\/\/judoclubsambreville.be\/index.php\/wp-json\/wp\/v2\/categories?post=1500"},{"taxonomy":"post_tag","embeddable":true,"href":"https:\/\/judoclubsambreville.be\/index.php\/wp-json\/wp\/v2\/tags?post=1500"}],"curies":[{"name":"wp","href":"https:\/\/api.w.org\/{rel}","templated":true}]}}