{"id":2010,"date":"2023-04-23T13:33:49","date_gmt":"2023-04-23T12:33:49","guid":{"rendered":"https:\/\/judoclubsambreville.be\/?p=2010"},"modified":"2023-06-24T07:46:28","modified_gmt":"2023-06-24T06:46:28","slug":"stages-dete-2023-inscriptions-ouvertes","status":"publish","type":"post","link":"https:\/\/judoclubsambreville.be\/index.php\/2023\/04\/23\/stages-dete-2023-inscriptions-ouvertes\/","title":{"rendered":"Stages d&rsquo;\u00e9t\u00e9 2023"},"content":{"rendered":"<p><a href=\"https:\/\/judoclubsambreville.be\/index.php\/2023\/04\/23\/stages-dete-2023-inscriptions-ouvertes\/stage-ete_2023_aout-2\/\" rel=\"attachment wp-att-2029\"><br \/>\n<\/a>Les inscriptions aux stages d&rsquo;\u00e9t\u00e9 2023 sont ouvertes !<\/p>\n<div>Vous voulez inscrire votre enfant \u00e0 l\u2019un des stages ?\u00a0<a href=\"https:\/\/docs.google.com\/forms\/d\/1FFKn3xgeXf0Y5okjZGYacO9vTUdnwdrPi0P2ZxAzZ2Q\/edit\">Remplissez le formulaire ici<\/a>.<\/div>\n<div><\/div>\n<div>Besoin de plus d\u2019infos ? Contactez-nous via\u00a0<a href=\"mailto:judo.club.sambreville@gmail.com\" target=\"_blank\">judo.club.sambreville@gmail.<wbr \/>com<\/a>\u00a0ou 0499\/60-35-35.<\/div>\n<div><\/div>\n<p>&nbsp;<\/p>\n<p>&nbsp;<\/p>\n<p>&nbsp;<\/p>\n<p><a href=\"https:\/\/judoclubsambreville.be\/index.php\/2023\/04\/23\/stages-dete-2023-inscriptions-ouvertes\/stage-ete_2023_july-2\/\" rel=\"attachment wp-att-2030\"><img decoding=\"async\" class=\"size-large wp-image-2030 alignleft\" src=\"https:\/\/judoclubsambreville.be\/wp-content\/uploads\/2023\/04\/stage-ete_2023_July-1-726x1024.jpg\" alt=\"stage-ete_2023_July\" width=\"50%\" srcset=\"https:\/\/judoclubsambreville.be\/wp-content\/uploads\/2023\/04\/stage-ete_2023_July-1-726x1024.jpg 726w, https:\/\/judoclubsambreville.be\/wp-content\/uploads\/2023\/04\/stage-ete_2023_July-1-213x300.jpg 213w, https:\/\/judoclubsambreville.be\/wp-content\/uploads\/2023\/04\/stage-ete_2023_July-1-768x1083.jpg 768w, https:\/\/judoclubsambreville.be\/wp-content\/uploads\/2023\/04\/stage-ete_2023_July-1.jpg 1240w\" sizes=\"(max-width: 726px) 100vw, 726px\" \/><\/a><\/p>\n<div><img loading=\"lazy\" decoding=\"async\" class=\"wp-image-2029 alignright\" src=\"https:\/\/judoclubsambreville.be\/wp-content\/uploads\/2023\/04\/stage-ete_2023_Aout-1-726x1024.jpg\" alt=\"stage-ete_2023_Aout\" width=\"442\" height=\"623\" srcset=\"https:\/\/judoclubsambreville.be\/wp-content\/uploads\/2023\/04\/stage-ete_2023_Aout-1-726x1024.jpg 726w, https:\/\/judoclubsambreville.be\/wp-content\/uploads\/2023\/04\/stage-ete_2023_Aout-1-213x300.jpg 213w, https:\/\/judoclubsambreville.be\/wp-content\/uploads\/2023\/04\/stage-ete_2023_Aout-1-768x1083.jpg 768w, https:\/\/judoclubsambreville.be\/wp-content\/uploads\/2023\/04\/stage-ete_2023_Aout-1.jpg 1240w\" sizes=\"auto, (max-width: 442px) 100vw, 442px\" \/><\/div>\n","protected":false},"excerpt":{"rendered":"<p>Les inscriptions aux stages d&rsquo;\u00e9t\u00e9 2023 sont ouvertes ! Vous voulez inscrire votre enfant \u00e0 l\u2019un des stages ?\u00a0Remplissez le<\/p>\n","protected":false},"author":1,"featured_media":2035,"comment_status":"closed","ping_status":"open","sticky":false,"template":"","format":"standard","meta":{"colormag_page_container_layout":"default_layout","colormag_page_sidebar_layout":"default_layout","footnotes":""},"categories":[7],"tags":[],"class_list":["post-2010","post","type-post","status-publish","format-standard","has-post-thumbnail","hentry","category-activite"],"yoast_head":"<!-- This site is optimized with the Yoast SEO plugin v27.2 - https:\/\/yoast.com\/product\/yoast-seo-wordpress\/ -->\n<title>Stages d&#039;\u00e9t\u00e9 2023 - Judo Club Sambreville<\/title>\n<meta name=\"robots\" content=\"index, follow, max-snippet:-1, max-image-preview:large, max-video-preview:-1\" \/>\n<link rel=\"canonical\" href=\"https:\/\/judoclubsambreville.be\/index.php\/2023\/04\/23\/stages-dete-2023-inscriptions-ouvertes\/\" \/>\n<meta property=\"og:locale\" content=\"fr_FR\" \/>\n<meta property=\"og:type\" content=\"article\" \/>\n<meta property=\"og:title\" content=\"Stages d&#039;\u00e9t\u00e9 2023 - Judo Club Sambreville\" \/>\n<meta property=\"og:description\" content=\"Les inscriptions aux stages d&rsquo;\u00e9t\u00e9 2023 sont ouvertes ! Vous voulez inscrire votre enfant \u00e0 l\u2019un des stages ?\u00a0Remplissez le\" \/>\n<meta property=\"og:url\" content=\"https:\/\/judoclubsambreville.be\/index.php\/2023\/04\/23\/stages-dete-2023-inscriptions-ouvertes\/\" \/>\n<meta property=\"og:site_name\" content=\"Judo Club Sambreville\" \/>\n<meta property=\"article:published_time\" content=\"2023-04-23T12:33:49+00:00\" \/>\n<meta property=\"article:modified_time\" content=\"2023-06-24T06:46:28+00:00\" \/>\n<meta property=\"og:image\" content=\"https:\/\/judoclubsambreville.be\/wp-content\/uploads\/2020\/03\/stage-ete_2023_general-1.jpg\" \/>\n\t<meta property=\"og:image:width\" content=\"1748\" \/>\n\t<meta property=\"og:image:height\" content=\"1240\" \/>\n\t<meta property=\"og:image:type\" content=\"image\/jpeg\" \/>\n<meta name=\"author\" content=\"Marielle\" \/>\n<meta name=\"twitter:card\" content=\"summary_large_image\" \/>\n<meta name=\"twitter:label1\" content=\"\u00c9crit par\" \/>\n\t<meta name=\"twitter:data1\" content=\"Marielle\" \/>\n<script type=\"application\/ld+json\" class=\"yoast-schema-graph\">{\"@context\":\"https:\/\/schema.org\",\"@graph\":[{\"@type\":\"Article\",\"@id\":\"https:\/\/judoclubsambreville.be\/index.php\/2023\/04\/23\/stages-dete-2023-inscriptions-ouvertes\/#article\",\"isPartOf\":{\"@id\":\"https:\/\/judoclubsambreville.be\/index.php\/2023\/04\/23\/stages-dete-2023-inscriptions-ouvertes\/\"},\"author\":{\"name\":\"Marielle\",\"@id\":\"https:\/\/judoclubsambreville.be\/#\/schema\/person\/2cc8b0d20102a5abf6a59332656453e4\"},\"headline\":\"Stages d&rsquo;\u00e9t\u00e9 2023\",\"datePublished\":\"2023-04-23T12:33:49+00:00\",\"dateModified\":\"2023-06-24T06:46:28+00:00\",\"mainEntityOfPage\":{\"@id\":\"https:\/\/judoclubsambreville.be\/index.php\/2023\/04\/23\/stages-dete-2023-inscriptions-ouvertes\/\"},\"wordCount\":42,\"image\":{\"@id\":\"https:\/\/judoclubsambreville.be\/index.php\/2023\/04\/23\/stages-dete-2023-inscriptions-ouvertes\/#primaryimage\"},\"thumbnailUrl\":\"https:\/\/judoclubsambreville.be\/wp-content\/uploads\/2020\/03\/stage-ete_2023_general-1.jpg\",\"articleSection\":[\"Activit\u00e9s\"],\"inLanguage\":\"fr-FR\"},{\"@type\":\"WebPage\",\"@id\":\"https:\/\/judoclubsambreville.be\/index.php\/2023\/04\/23\/stages-dete-2023-inscriptions-ouvertes\/\",\"url\":\"https:\/\/judoclubsambreville.be\/index.php\/2023\/04\/23\/stages-dete-2023-inscriptions-ouvertes\/\",\"name\":\"Stages d'\u00e9t\u00e9 2023 - Judo Club Sambreville\",\"isPartOf\":{\"@id\":\"https:\/\/judoclubsambreville.be\/#website\"},\"primaryImageOfPage\":{\"@id\":\"https:\/\/judoclubsambreville.be\/index.php\/2023\/04\/23\/stages-dete-2023-inscriptions-ouvertes\/#primaryimage\"},\"image\":{\"@id\":\"https:\/\/judoclubsambreville.be\/index.php\/2023\/04\/23\/stages-dete-2023-inscriptions-ouvertes\/#primaryimage\"},\"thumbnailUrl\":\"https:\/\/judoclubsambreville.be\/wp-content\/uploads\/2020\/03\/stage-ete_2023_general-1.jpg\",\"datePublished\":\"2023-04-23T12:33:49+00:00\",\"dateModified\":\"2023-06-24T06:46:28+00:00\",\"author\":{\"@id\":\"https:\/\/judoclubsambreville.be\/#\/schema\/person\/2cc8b0d20102a5abf6a59332656453e4\"},\"breadcrumb\":{\"@id\":\"https:\/\/judoclubsambreville.be\/index.php\/2023\/04\/23\/stages-dete-2023-inscriptions-ouvertes\/#breadcrumb\"},\"inLanguage\":\"fr-FR\",\"potentialAction\":[{\"@type\":\"ReadAction\",\"target\":[\"https:\/\/judoclubsambreville.be\/index.php\/2023\/04\/23\/stages-dete-2023-inscriptions-ouvertes\/\"]}]},{\"@type\":\"ImageObject\",\"inLanguage\":\"fr-FR\",\"@id\":\"https:\/\/judoclubsambreville.be\/index.php\/2023\/04\/23\/stages-dete-2023-inscriptions-ouvertes\/#primaryimage\",\"url\":\"https:\/\/judoclubsambreville.be\/wp-content\/uploads\/2020\/03\/stage-ete_2023_general-1.jpg\",\"contentUrl\":\"https:\/\/judoclubsambreville.be\/wp-content\/uploads\/2020\/03\/stage-ete_2023_general-1.jpg\",\"width\":1748,\"height\":1240},{\"@type\":\"BreadcrumbList\",\"@id\":\"https:\/\/judoclubsambreville.be\/index.php\/2023\/04\/23\/stages-dete-2023-inscriptions-ouvertes\/#breadcrumb\",\"itemListElement\":[{\"@type\":\"ListItem\",\"position\":1,\"name\":\"Accueil\",\"item\":\"https:\/\/judoclubsambreville.be\/\"},{\"@type\":\"ListItem\",\"position\":2,\"name\":\"Stages d&rsquo;\u00e9t\u00e9 2023\"}]},{\"@type\":\"WebSite\",\"@id\":\"https:\/\/judoclubsambreville.be\/#website\",\"url\":\"https:\/\/judoclubsambreville.be\/\",\"name\":\"Judo Club Sambreville\",\"description\":\"Un club pour toute la famille\",\"potentialAction\":[{\"@type\":\"SearchAction\",\"target\":{\"@type\":\"EntryPoint\",\"urlTemplate\":\"https:\/\/judoclubsambreville.be\/?s={search_term_string}\"},\"query-input\":{\"@type\":\"PropertyValueSpecification\",\"valueRequired\":true,\"valueName\":\"search_term_string\"}}],\"inLanguage\":\"fr-FR\"},{\"@type\":\"Person\",\"@id\":\"https:\/\/judoclubsambreville.be\/#\/schema\/person\/2cc8b0d20102a5abf6a59332656453e4\",\"name\":\"Marielle\",\"image\":{\"@type\":\"ImageObject\",\"inLanguage\":\"fr-FR\",\"@id\":\"https:\/\/secure.gravatar.com\/avatar\/a8fefd7242379d040dd97b56b6c1d936191d98394a818df4a6cf7936bac47967?s=96&d=mm&r=g\",\"url\":\"https:\/\/secure.gravatar.com\/avatar\/a8fefd7242379d040dd97b56b6c1d936191d98394a818df4a6cf7936bac47967?s=96&d=mm&r=g\",\"contentUrl\":\"https:\/\/secure.gravatar.com\/avatar\/a8fefd7242379d040dd97b56b6c1d936191d98394a818df4a6cf7936bac47967?s=96&d=mm&r=g\",\"caption\":\"Marielle\"},\"url\":\"https:\/\/judoclubsambreville.be\/index.php\/author\/admin3312\/\"}]}<\/script>\n<!-- \/ Yoast SEO plugin. -->","yoast_head_json":{"title":"Stages d'\u00e9t\u00e9 2023 - Judo Club Sambreville","robots":{"index":"index","follow":"follow","max-snippet":"max-snippet:-1","max-image-preview":"max-image-preview:large","max-video-preview":"max-video-preview:-1"},"canonical":"https:\/\/judoclubsambreville.be\/index.php\/2023\/04\/23\/stages-dete-2023-inscriptions-ouvertes\/","og_locale":"fr_FR","og_type":"article","og_title":"Stages d'\u00e9t\u00e9 2023 - Judo Club Sambreville","og_description":"Les inscriptions aux stages d&rsquo;\u00e9t\u00e9 2023 sont ouvertes ! Vous voulez inscrire votre enfant \u00e0 l\u2019un des stages ?\u00a0Remplissez le","og_url":"https:\/\/judoclubsambreville.be\/index.php\/2023\/04\/23\/stages-dete-2023-inscriptions-ouvertes\/","og_site_name":"Judo Club Sambreville","article_published_time":"2023-04-23T12:33:49+00:00","article_modified_time":"2023-06-24T06:46:28+00:00","og_image":[{"width":1748,"height":1240,"url":"https:\/\/judoclubsambreville.be\/wp-content\/uploads\/2020\/03\/stage-ete_2023_general-1.jpg","type":"image\/jpeg"}],"author":"Marielle","twitter_card":"summary_large_image","twitter_misc":{"\u00c9crit par":"Marielle"},"schema":{"@context":"https:\/\/schema.org","@graph":[{"@type":"Article","@id":"https:\/\/judoclubsambreville.be\/index.php\/2023\/04\/23\/stages-dete-2023-inscriptions-ouvertes\/#article","isPartOf":{"@id":"https:\/\/judoclubsambreville.be\/index.php\/2023\/04\/23\/stages-dete-2023-inscriptions-ouvertes\/"},"author":{"name":"Marielle","@id":"https:\/\/judoclubsambreville.be\/#\/schema\/person\/2cc8b0d20102a5abf6a59332656453e4"},"headline":"Stages d&rsquo;\u00e9t\u00e9 2023","datePublished":"2023-04-23T12:33:49+00:00","dateModified":"2023-06-24T06:46:28+00:00","mainEntityOfPage":{"@id":"https:\/\/judoclubsambreville.be\/index.php\/2023\/04\/23\/stages-dete-2023-inscriptions-ouvertes\/"},"wordCount":42,"image":{"@id":"https:\/\/judoclubsambreville.be\/index.php\/2023\/04\/23\/stages-dete-2023-inscriptions-ouvertes\/#primaryimage"},"thumbnailUrl":"https:\/\/judoclubsambreville.be\/wp-content\/uploads\/2020\/03\/stage-ete_2023_general-1.jpg","articleSection":["Activit\u00e9s"],"inLanguage":"fr-FR"},{"@type":"WebPage","@id":"https:\/\/judoclubsambreville.be\/index.php\/2023\/04\/23\/stages-dete-2023-inscriptions-ouvertes\/","url":"https:\/\/judoclubsambreville.be\/index.php\/2023\/04\/23\/stages-dete-2023-inscriptions-ouvertes\/","name":"Stages d'\u00e9t\u00e9 2023 - Judo Club Sambreville","isPartOf":{"@id":"https:\/\/judoclubsambreville.be\/#website"},"primaryImageOfPage":{"@id":"https:\/\/judoclubsambreville.be\/index.php\/2023\/04\/23\/stages-dete-2023-inscriptions-ouvertes\/#primaryimage"},"image":{"@id":"https:\/\/judoclubsambreville.be\/index.php\/2023\/04\/23\/stages-dete-2023-inscriptions-ouvertes\/#primaryimage"},"thumbnailUrl":"https:\/\/judoclubsambreville.be\/wp-content\/uploads\/2020\/03\/stage-ete_2023_general-1.jpg","datePublished":"2023-04-23T12:33:49+00:00","dateModified":"2023-06-24T06:46:28+00:00","author":{"@id":"https:\/\/judoclubsambreville.be\/#\/schema\/person\/2cc8b0d20102a5abf6a59332656453e4"},"breadcrumb":{"@id":"https:\/\/judoclubsambreville.be\/index.php\/2023\/04\/23\/stages-dete-2023-inscriptions-ouvertes\/#breadcrumb"},"inLanguage":"fr-FR","potentialAction":[{"@type":"ReadAction","target":["https:\/\/judoclubsambreville.be\/index.php\/2023\/04\/23\/stages-dete-2023-inscriptions-ouvertes\/"]}]},{"@type":"ImageObject","inLanguage":"fr-FR","@id":"https:\/\/judoclubsambreville.be\/index.php\/2023\/04\/23\/stages-dete-2023-inscriptions-ouvertes\/#primaryimage","url":"https:\/\/judoclubsambreville.be\/wp-content\/uploads\/2020\/03\/stage-ete_2023_general-1.jpg","contentUrl":"https:\/\/judoclubsambreville.be\/wp-content\/uploads\/2020\/03\/stage-ete_2023_general-1.jpg","width":1748,"height":1240},{"@type":"BreadcrumbList","@id":"https:\/\/judoclubsambreville.be\/index.php\/2023\/04\/23\/stages-dete-2023-inscriptions-ouvertes\/#breadcrumb","itemListElement":[{"@type":"ListItem","position":1,"name":"Accueil","item":"https:\/\/judoclubsambreville.be\/"},{"@type":"ListItem","position":2,"name":"Stages d&rsquo;\u00e9t\u00e9 2023"}]},{"@type":"WebSite","@id":"https:\/\/judoclubsambreville.be\/#website","url":"https:\/\/judoclubsambreville.be\/","name":"Judo Club Sambreville","description":"Un club pour toute la famille","potentialAction":[{"@type":"SearchAction","target":{"@type":"EntryPoint","urlTemplate":"https:\/\/judoclubsambreville.be\/?s={search_term_string}"},"query-input":{"@type":"PropertyValueSpecification","valueRequired":true,"valueName":"search_term_string"}}],"inLanguage":"fr-FR"},{"@type":"Person","@id":"https:\/\/judoclubsambreville.be\/#\/schema\/person\/2cc8b0d20102a5abf6a59332656453e4","name":"Marielle","image":{"@type":"ImageObject","inLanguage":"fr-FR","@id":"https:\/\/secure.gravatar.com\/avatar\/a8fefd7242379d040dd97b56b6c1d936191d98394a818df4a6cf7936bac47967?s=96&d=mm&r=g","url":"https:\/\/secure.gravatar.com\/avatar\/a8fefd7242379d040dd97b56b6c1d936191d98394a818df4a6cf7936bac47967?s=96&d=mm&r=g","contentUrl":"https:\/\/secure.gravatar.com\/avatar\/a8fefd7242379d040dd97b56b6c1d936191d98394a818df4a6cf7936bac47967?s=96&d=mm&r=g","caption":"Marielle"},"url":"https:\/\/judoclubsambreville.be\/index.php\/author\/admin3312\/"}]}},"_links":{"self":[{"href":"https:\/\/judoclubsambreville.be\/index.php\/wp-json\/wp\/v2\/posts\/2010","targetHints":{"allow":["GET"]}}],"collection":[{"href":"https:\/\/judoclubsambreville.be\/index.php\/wp-json\/wp\/v2\/posts"}],"about":[{"href":"https:\/\/judoclubsambreville.be\/index.php\/wp-json\/wp\/v2\/types\/post"}],"author":[{"embeddable":true,"href":"https:\/\/judoclubsambreville.be\/index.php\/wp-json\/wp\/v2\/users\/1"}],"replies":[{"embeddable":true,"href":"https:\/\/judoclubsambreville.be\/index.php\/wp-json\/wp\/v2\/comments?post=2010"}],"version-history":[{"count":10,"href":"https:\/\/judoclubsambreville.be\/index.php\/wp-json\/wp\/v2\/posts\/2010\/revisions"}],"predecessor-version":[{"id":2034,"href":"https:\/\/judoclubsambreville.be\/index.php\/wp-json\/wp\/v2\/posts\/2010\/revisions\/2034"}],"wp:featuredmedia":[{"embeddable":true,"href":"https:\/\/judoclubsambreville.be\/index.php\/wp-json\/wp\/v2\/media\/2035"}],"wp:attachment":[{"href":"https:\/\/judoclubsambreville.be\/index.php\/wp-json\/wp\/v2\/media?parent=2010"}],"wp:term":[{"taxonomy":"category","embeddable":true,"href":"https:\/\/judoclubsambreville.be\/index.php\/wp-json\/wp\/v2\/categories?post=2010"},{"taxonomy":"post_tag","embeddable":true,"href":"https:\/\/judoclubsambreville.be\/index.php\/wp-json\/wp\/v2\/tags?post=2010"}],"curies":[{"name":"wp","href":"https:\/\/api.w.org\/{rel}","templated":true}]}}