{"id":2513,"date":"2025-04-07T19:24:32","date_gmt":"2025-04-07T18:24:32","guid":{"rendered":"https:\/\/judoclubsambreville.be\/?p=2513"},"modified":"2025-04-07T19:26:05","modified_gmt":"2025-04-07T18:26:05","slug":"gabrielle-medaille-de-bronze","status":"publish","type":"post","link":"https:\/\/judoclubsambreville.be\/index.php\/2025\/04\/07\/gabrielle-medaille-de-bronze\/","title":{"rendered":"Gabrielle, m\u00e9daille de bronze"},"content":{"rendered":"<div dir=\"auto\">Premi\u00e8re m\u00e9daille pour Gabrielle dans un tournoi international senior.<\/div>\n<p><!--more--><\/p>\n<div dir=\"auto\">Apr\u00e8s avoir \u00e9cart\u00e9 une Allemande en 8e de finale, elle s&rsquo;incline en quart face \u00e0 une Fran\u00e7aise. En rep\u00eachages elle \u00e9carte une judokate d&rsquo;Azerbaijan et ensuite une du Mont\u00e9n\u00e9gro. En finale pour la m\u00e9daille de bronze, elle s&rsquo;impose face \u00e0 une Croate.<\/div>\n<div dir=\"auto\"><\/div>\n<div dir=\"auto\">Une superbe journ\u00e9e ponctu\u00e9e d&rsquo;un r\u00e9sultat exceptionnel. De quoi faire le plein de confiance avant les championnats d&rsquo;Europe. On est fiers de toi Gaby <span class=\"html-span xexx8yu x4uap5 x18d9i69 xkhd6sd x1hl2dhg x16tdsg8 x1vvkbs x3nfvp2 x1j61x8r x1fcty0u xdj266r xat24cr xgzva0m xhhsvwb xxymvpz xlup9mm x1kky2od\"><img loading=\"lazy\" decoding=\"async\" class=\"xz74otr x168nmei x13lgxp2 x5pf9jr xo71vjh\" src=\"https:\/\/static.xx.fbcdn.net\/images\/emoji.php\/v9\/t6c\/1\/16\/1f4aa.png\" alt=\"\" width=\"16\" height=\"16\" \/><\/span><\/div>\n","protected":false},"excerpt":{"rendered":"<p>Premi\u00e8re m\u00e9daille pour Gabrielle dans un tournoi international senior.<\/p>\n","protected":false},"author":1,"featured_media":2516,"comment_status":"closed","ping_status":"open","sticky":false,"template":"","format":"standard","meta":{"colormag_page_container_layout":"no_sidebar_full_width","colormag_page_sidebar_layout":"no_sidebar","footnotes":""},"categories":[6],"tags":[],"class_list":["post-2513","post","type-post","status-publish","format-standard","has-post-thumbnail","hentry","category-competition"],"yoast_head":"<!-- This site is optimized with the Yoast SEO plugin v27.2 - https:\/\/yoast.com\/product\/yoast-seo-wordpress\/ -->\n<title>Gabrielle, m\u00e9daille de bronze - Judo Club Sambreville<\/title>\n<meta name=\"robots\" content=\"index, follow, max-snippet:-1, max-image-preview:large, max-video-preview:-1\" \/>\n<link rel=\"canonical\" href=\"https:\/\/judoclubsambreville.be\/index.php\/2025\/04\/07\/gabrielle-medaille-de-bronze\/\" \/>\n<meta property=\"og:locale\" content=\"fr_FR\" \/>\n<meta property=\"og:type\" content=\"article\" \/>\n<meta property=\"og:title\" content=\"Gabrielle, m\u00e9daille de bronze - Judo Club Sambreville\" \/>\n<meta property=\"og:description\" content=\"Premi\u00e8re m\u00e9daille pour Gabrielle dans un tournoi international senior.\" \/>\n<meta property=\"og:url\" content=\"https:\/\/judoclubsambreville.be\/index.php\/2025\/04\/07\/gabrielle-medaille-de-bronze\/\" \/>\n<meta property=\"og:site_name\" content=\"Judo Club Sambreville\" \/>\n<meta property=\"article:published_time\" content=\"2025-04-07T18:24:32+00:00\" \/>\n<meta property=\"article:modified_time\" content=\"2025-04-07T18:26:05+00:00\" \/>\n<meta property=\"og:image\" content=\"https:\/\/judoclubsambreville.be\/wp-content\/uploads\/2025\/04\/european2.png\" \/>\n\t<meta property=\"og:image:width\" content=\"800\" \/>\n\t<meta property=\"og:image:height\" content=\"445\" \/>\n\t<meta property=\"og:image:type\" content=\"image\/png\" \/>\n<meta name=\"author\" content=\"Marielle\" \/>\n<meta name=\"twitter:card\" content=\"summary_large_image\" \/>\n<meta name=\"twitter:label1\" content=\"\u00c9crit par\" \/>\n\t<meta name=\"twitter:data1\" content=\"Marielle\" \/>\n<script type=\"application\/ld+json\" class=\"yoast-schema-graph\">{\"@context\":\"https:\/\/schema.org\",\"@graph\":[{\"@type\":\"Article\",\"@id\":\"https:\/\/judoclubsambreville.be\/index.php\/2025\/04\/07\/gabrielle-medaille-de-bronze\/#article\",\"isPartOf\":{\"@id\":\"https:\/\/judoclubsambreville.be\/index.php\/2025\/04\/07\/gabrielle-medaille-de-bronze\/\"},\"author\":{\"name\":\"Marielle\",\"@id\":\"https:\/\/judoclubsambreville.be\/#\/schema\/person\/2cc8b0d20102a5abf6a59332656453e4\"},\"headline\":\"Gabrielle, m\u00e9daille de bronze\",\"datePublished\":\"2025-04-07T18:24:32+00:00\",\"dateModified\":\"2025-04-07T18:26:05+00:00\",\"mainEntityOfPage\":{\"@id\":\"https:\/\/judoclubsambreville.be\/index.php\/2025\/04\/07\/gabrielle-medaille-de-bronze\/\"},\"wordCount\":94,\"image\":{\"@id\":\"https:\/\/judoclubsambreville.be\/index.php\/2025\/04\/07\/gabrielle-medaille-de-bronze\/#primaryimage\"},\"thumbnailUrl\":\"https:\/\/judoclubsambreville.be\/wp-content\/uploads\/2025\/04\/european2.png\",\"articleSection\":[\"Comp\u00e9tition\"],\"inLanguage\":\"fr-FR\"},{\"@type\":\"WebPage\",\"@id\":\"https:\/\/judoclubsambreville.be\/index.php\/2025\/04\/07\/gabrielle-medaille-de-bronze\/\",\"url\":\"https:\/\/judoclubsambreville.be\/index.php\/2025\/04\/07\/gabrielle-medaille-de-bronze\/\",\"name\":\"Gabrielle, m\u00e9daille de bronze - Judo Club Sambreville\",\"isPartOf\":{\"@id\":\"https:\/\/judoclubsambreville.be\/#website\"},\"primaryImageOfPage\":{\"@id\":\"https:\/\/judoclubsambreville.be\/index.php\/2025\/04\/07\/gabrielle-medaille-de-bronze\/#primaryimage\"},\"image\":{\"@id\":\"https:\/\/judoclubsambreville.be\/index.php\/2025\/04\/07\/gabrielle-medaille-de-bronze\/#primaryimage\"},\"thumbnailUrl\":\"https:\/\/judoclubsambreville.be\/wp-content\/uploads\/2025\/04\/european2.png\",\"datePublished\":\"2025-04-07T18:24:32+00:00\",\"dateModified\":\"2025-04-07T18:26:05+00:00\",\"author\":{\"@id\":\"https:\/\/judoclubsambreville.be\/#\/schema\/person\/2cc8b0d20102a5abf6a59332656453e4\"},\"breadcrumb\":{\"@id\":\"https:\/\/judoclubsambreville.be\/index.php\/2025\/04\/07\/gabrielle-medaille-de-bronze\/#breadcrumb\"},\"inLanguage\":\"fr-FR\",\"potentialAction\":[{\"@type\":\"ReadAction\",\"target\":[\"https:\/\/judoclubsambreville.be\/index.php\/2025\/04\/07\/gabrielle-medaille-de-bronze\/\"]}]},{\"@type\":\"ImageObject\",\"inLanguage\":\"fr-FR\",\"@id\":\"https:\/\/judoclubsambreville.be\/index.php\/2025\/04\/07\/gabrielle-medaille-de-bronze\/#primaryimage\",\"url\":\"https:\/\/judoclubsambreville.be\/wp-content\/uploads\/2025\/04\/european2.png\",\"contentUrl\":\"https:\/\/judoclubsambreville.be\/wp-content\/uploads\/2025\/04\/european2.png\",\"width\":800,\"height\":445},{\"@type\":\"BreadcrumbList\",\"@id\":\"https:\/\/judoclubsambreville.be\/index.php\/2025\/04\/07\/gabrielle-medaille-de-bronze\/#breadcrumb\",\"itemListElement\":[{\"@type\":\"ListItem\",\"position\":1,\"name\":\"Accueil\",\"item\":\"https:\/\/judoclubsambreville.be\/\"},{\"@type\":\"ListItem\",\"position\":2,\"name\":\"Gabrielle, m\u00e9daille de bronze\"}]},{\"@type\":\"WebSite\",\"@id\":\"https:\/\/judoclubsambreville.be\/#website\",\"url\":\"https:\/\/judoclubsambreville.be\/\",\"name\":\"Judo Club Sambreville\",\"description\":\"Un club pour toute la famille\",\"potentialAction\":[{\"@type\":\"SearchAction\",\"target\":{\"@type\":\"EntryPoint\",\"urlTemplate\":\"https:\/\/judoclubsambreville.be\/?s={search_term_string}\"},\"query-input\":{\"@type\":\"PropertyValueSpecification\",\"valueRequired\":true,\"valueName\":\"search_term_string\"}}],\"inLanguage\":\"fr-FR\"},{\"@type\":\"Person\",\"@id\":\"https:\/\/judoclubsambreville.be\/#\/schema\/person\/2cc8b0d20102a5abf6a59332656453e4\",\"name\":\"Marielle\",\"image\":{\"@type\":\"ImageObject\",\"inLanguage\":\"fr-FR\",\"@id\":\"https:\/\/secure.gravatar.com\/avatar\/a8fefd7242379d040dd97b56b6c1d936191d98394a818df4a6cf7936bac47967?s=96&d=mm&r=g\",\"url\":\"https:\/\/secure.gravatar.com\/avatar\/a8fefd7242379d040dd97b56b6c1d936191d98394a818df4a6cf7936bac47967?s=96&d=mm&r=g\",\"contentUrl\":\"https:\/\/secure.gravatar.com\/avatar\/a8fefd7242379d040dd97b56b6c1d936191d98394a818df4a6cf7936bac47967?s=96&d=mm&r=g\",\"caption\":\"Marielle\"},\"url\":\"https:\/\/judoclubsambreville.be\/index.php\/author\/admin3312\/\"}]}<\/script>\n<!-- \/ Yoast SEO plugin. -->","yoast_head_json":{"title":"Gabrielle, m\u00e9daille de bronze - Judo Club Sambreville","robots":{"index":"index","follow":"follow","max-snippet":"max-snippet:-1","max-image-preview":"max-image-preview:large","max-video-preview":"max-video-preview:-1"},"canonical":"https:\/\/judoclubsambreville.be\/index.php\/2025\/04\/07\/gabrielle-medaille-de-bronze\/","og_locale":"fr_FR","og_type":"article","og_title":"Gabrielle, m\u00e9daille de bronze - Judo Club Sambreville","og_description":"Premi\u00e8re m\u00e9daille pour Gabrielle dans un tournoi international senior.","og_url":"https:\/\/judoclubsambreville.be\/index.php\/2025\/04\/07\/gabrielle-medaille-de-bronze\/","og_site_name":"Judo Club Sambreville","article_published_time":"2025-04-07T18:24:32+00:00","article_modified_time":"2025-04-07T18:26:05+00:00","og_image":[{"width":800,"height":445,"url":"https:\/\/judoclubsambreville.be\/wp-content\/uploads\/2025\/04\/european2.png","type":"image\/png"}],"author":"Marielle","twitter_card":"summary_large_image","twitter_misc":{"\u00c9crit par":"Marielle"},"schema":{"@context":"https:\/\/schema.org","@graph":[{"@type":"Article","@id":"https:\/\/judoclubsambreville.be\/index.php\/2025\/04\/07\/gabrielle-medaille-de-bronze\/#article","isPartOf":{"@id":"https:\/\/judoclubsambreville.be\/index.php\/2025\/04\/07\/gabrielle-medaille-de-bronze\/"},"author":{"name":"Marielle","@id":"https:\/\/judoclubsambreville.be\/#\/schema\/person\/2cc8b0d20102a5abf6a59332656453e4"},"headline":"Gabrielle, m\u00e9daille de bronze","datePublished":"2025-04-07T18:24:32+00:00","dateModified":"2025-04-07T18:26:05+00:00","mainEntityOfPage":{"@id":"https:\/\/judoclubsambreville.be\/index.php\/2025\/04\/07\/gabrielle-medaille-de-bronze\/"},"wordCount":94,"image":{"@id":"https:\/\/judoclubsambreville.be\/index.php\/2025\/04\/07\/gabrielle-medaille-de-bronze\/#primaryimage"},"thumbnailUrl":"https:\/\/judoclubsambreville.be\/wp-content\/uploads\/2025\/04\/european2.png","articleSection":["Comp\u00e9tition"],"inLanguage":"fr-FR"},{"@type":"WebPage","@id":"https:\/\/judoclubsambreville.be\/index.php\/2025\/04\/07\/gabrielle-medaille-de-bronze\/","url":"https:\/\/judoclubsambreville.be\/index.php\/2025\/04\/07\/gabrielle-medaille-de-bronze\/","name":"Gabrielle, m\u00e9daille de bronze - Judo Club Sambreville","isPartOf":{"@id":"https:\/\/judoclubsambreville.be\/#website"},"primaryImageOfPage":{"@id":"https:\/\/judoclubsambreville.be\/index.php\/2025\/04\/07\/gabrielle-medaille-de-bronze\/#primaryimage"},"image":{"@id":"https:\/\/judoclubsambreville.be\/index.php\/2025\/04\/07\/gabrielle-medaille-de-bronze\/#primaryimage"},"thumbnailUrl":"https:\/\/judoclubsambreville.be\/wp-content\/uploads\/2025\/04\/european2.png","datePublished":"2025-04-07T18:24:32+00:00","dateModified":"2025-04-07T18:26:05+00:00","author":{"@id":"https:\/\/judoclubsambreville.be\/#\/schema\/person\/2cc8b0d20102a5abf6a59332656453e4"},"breadcrumb":{"@id":"https:\/\/judoclubsambreville.be\/index.php\/2025\/04\/07\/gabrielle-medaille-de-bronze\/#breadcrumb"},"inLanguage":"fr-FR","potentialAction":[{"@type":"ReadAction","target":["https:\/\/judoclubsambreville.be\/index.php\/2025\/04\/07\/gabrielle-medaille-de-bronze\/"]}]},{"@type":"ImageObject","inLanguage":"fr-FR","@id":"https:\/\/judoclubsambreville.be\/index.php\/2025\/04\/07\/gabrielle-medaille-de-bronze\/#primaryimage","url":"https:\/\/judoclubsambreville.be\/wp-content\/uploads\/2025\/04\/european2.png","contentUrl":"https:\/\/judoclubsambreville.be\/wp-content\/uploads\/2025\/04\/european2.png","width":800,"height":445},{"@type":"BreadcrumbList","@id":"https:\/\/judoclubsambreville.be\/index.php\/2025\/04\/07\/gabrielle-medaille-de-bronze\/#breadcrumb","itemListElement":[{"@type":"ListItem","position":1,"name":"Accueil","item":"https:\/\/judoclubsambreville.be\/"},{"@type":"ListItem","position":2,"name":"Gabrielle, m\u00e9daille de bronze"}]},{"@type":"WebSite","@id":"https:\/\/judoclubsambreville.be\/#website","url":"https:\/\/judoclubsambreville.be\/","name":"Judo Club Sambreville","description":"Un club pour toute la famille","potentialAction":[{"@type":"SearchAction","target":{"@type":"EntryPoint","urlTemplate":"https:\/\/judoclubsambreville.be\/?s={search_term_string}"},"query-input":{"@type":"PropertyValueSpecification","valueRequired":true,"valueName":"search_term_string"}}],"inLanguage":"fr-FR"},{"@type":"Person","@id":"https:\/\/judoclubsambreville.be\/#\/schema\/person\/2cc8b0d20102a5abf6a59332656453e4","name":"Marielle","image":{"@type":"ImageObject","inLanguage":"fr-FR","@id":"https:\/\/secure.gravatar.com\/avatar\/a8fefd7242379d040dd97b56b6c1d936191d98394a818df4a6cf7936bac47967?s=96&d=mm&r=g","url":"https:\/\/secure.gravatar.com\/avatar\/a8fefd7242379d040dd97b56b6c1d936191d98394a818df4a6cf7936bac47967?s=96&d=mm&r=g","contentUrl":"https:\/\/secure.gravatar.com\/avatar\/a8fefd7242379d040dd97b56b6c1d936191d98394a818df4a6cf7936bac47967?s=96&d=mm&r=g","caption":"Marielle"},"url":"https:\/\/judoclubsambreville.be\/index.php\/author\/admin3312\/"}]}},"_links":{"self":[{"href":"https:\/\/judoclubsambreville.be\/index.php\/wp-json\/wp\/v2\/posts\/2513","targetHints":{"allow":["GET"]}}],"collection":[{"href":"https:\/\/judoclubsambreville.be\/index.php\/wp-json\/wp\/v2\/posts"}],"about":[{"href":"https:\/\/judoclubsambreville.be\/index.php\/wp-json\/wp\/v2\/types\/post"}],"author":[{"embeddable":true,"href":"https:\/\/judoclubsambreville.be\/index.php\/wp-json\/wp\/v2\/users\/1"}],"replies":[{"embeddable":true,"href":"https:\/\/judoclubsambreville.be\/index.php\/wp-json\/wp\/v2\/comments?post=2513"}],"version-history":[{"count":1,"href":"https:\/\/judoclubsambreville.be\/index.php\/wp-json\/wp\/v2\/posts\/2513\/revisions"}],"predecessor-version":[{"id":2515,"href":"https:\/\/judoclubsambreville.be\/index.php\/wp-json\/wp\/v2\/posts\/2513\/revisions\/2515"}],"wp:featuredmedia":[{"embeddable":true,"href":"https:\/\/judoclubsambreville.be\/index.php\/wp-json\/wp\/v2\/media\/2516"}],"wp:attachment":[{"href":"https:\/\/judoclubsambreville.be\/index.php\/wp-json\/wp\/v2\/media?parent=2513"}],"wp:term":[{"taxonomy":"category","embeddable":true,"href":"https:\/\/judoclubsambreville.be\/index.php\/wp-json\/wp\/v2\/categories?post=2513"},{"taxonomy":"post_tag","embeddable":true,"href":"https:\/\/judoclubsambreville.be\/index.php\/wp-json\/wp\/v2\/tags?post=2513"}],"curies":[{"name":"wp","href":"https:\/\/api.w.org\/{rel}","templated":true}]}}